{"id":1431,"date":"2017-06-20T13:42:39","date_gmt":"2017-06-20T12:42:39","guid":{"rendered":"http:\/\/fleschmazowsza.com.pl\/?p=1431"},"modified":"2017-06-20T13:42:39","modified_gmt":"2017-06-20T12:42:39","slug":"brwinow-dom-dla-matek-z-dziecmi-nazaret-wspolnota-chleb-zycia","status":"publish","type":"post","link":"https:\/\/fleschmazowsza.com.pl\/?p=1431","title":{"rendered":"BRWIN\u00d3W. Dom dla Matek z Dzie\u0107mi \u201eNazaret\u201d, Wsp\u00f3lnota \u201eChleb \u017bycia\u201d"},"content":{"rendered":"<p><strong>Macierzy\u0144stwo nie zawsze us\u0142ane jest r\u00f3\u017cami, wiedz\u0105 o tym wszystkie matki. Zw\u0142aszcza kiedy \u0142\u0105czy si\u0119 z bezdomno\u015bci\u0105. Dom dla Matek z Dzie\u0107mi w Brwinowie \u201eNazaret\u201d, prowadzony przez Wsp\u00f3lnot\u0119 \u201eChleb \u017bycia\u201d, zapewnia schronienie i wsparcie matkom z dzie\u0107mi i kobietom w ci\u0105\u017cy, kt\u00f3re w pewnym momencie swojego \u017cycia sta\u0142y si\u0119 bezdomne. Trafiaj\u0105 tu z regu\u0142y kobiety pochodz\u0105ce z trudnego \u015brodowiska, do\u015bwiadczaj\u0105ce przemocy czy porzucenia ze strony m\u0119\u017ca czy partnera, jednocze\u015bnie zale\u017cne finansowo od niego, nie maj\u0105ce oparcia w rodzinie czy przyjacio\u0142ach.<\/strong><\/p>\n<p>Mamy z dzie\u0107mi kierowane s\u0105 tu najcz\u0119\u015bciej przez sw\u00f3j macierzysty O\u015brodek Pomocy Spo\u0142ecznej, kuratora lub asystenta rodzinnego, ale i zdarza si\u0119, \u017ce przychodz\u0105 po prostu z ulicy. Nie ma znaczenia sk\u0105d przyjecha\u0142y, wa\u017cne czy zasta\u0142y wolne miejsca. O\u015brodek mo\u017ce pomie\u015bci\u0107 25 os\u00f3b, z regu\u0142y wi\u0119ksz\u0105 cz\u0119\u015b\u0107 stanowi\u0105 dzieci w r\u00f3\u017cnym wieku, do lat 18-tu.<\/p>\n<p style=\"text-align: center;\"><strong>Mo\u017cliwo\u015bci jest du\u017co<\/strong><\/p>\n<p>Antonina Witkowska, pedagog i kierowniczka o\u015brodka, zwraca uwag\u0119, \u017ce mamom przybywaj\u0105cym do o\u015brodka brakuje wiedzy i umiej\u0119tno\u015bci jak poradzi\u0107 sobie w kryzysowej sytuacji, w jakiej si\u0119 znalaz\u0142y, a tymczasem mo\u017cliwo\u015bci jest du\u017co.<\/p>\n<p>&#8211; Pod tym wzgl\u0119dem wszystko im za\u0142atwiamy. Przede wszystkim czy nie ma rozwodu, czy nie ma aliment\u00f3w, ustalenie ojcostwa, jakie uzyska\u0107 \u015bwiadczenia, czy rodzinne, czy wychowawcze, czy rodzicielskie &#8211; opowiada.<\/p>\n<p>Program wychodzenia z bezdomno\u015bci, kt\u00f3rym obejmowane s\u0105 mamy, zak\u0142ada r\u00f3wnie\u017c mo\u017cliwo\u015b\u0107 otrzymania mieszkania socjalnego w miejscowo\u015bci zameldowania. W szczeg\u00f3lnie dobrej sytuacji s\u0105 tu osoby pochodz\u0105ce z Brwinowa, gdzie oczekiwanie na w\u0142asne mieszkanie trwa kr\u00f3tko, dzi\u0119ki zasobom mieszkaniowym miasta i operatywno\u015bci brwinowskiego O\u015brodka Pomocy Spo\u0142ecznej. R\u00f3wnie\u017c wyj\u0105tkowo mamy, kt\u00f3re pochodz\u0105 z innych miejscowo\u015bci, ale podj\u0119\u0142y prac\u0119 w Brwinowie i w ten spos\u00f3b zwi\u0105za\u0142y si\u0119 z miastem, mog\u0105 liczy\u0107 tu na mieszkanie socjalne.<\/p>\n<p style=\"text-align: center;\"><strong>Mo\u017cna \u017cy\u0107 inaczej<\/strong><\/p>\n<p>Opr\u00f3cz pomocy socjalnej Dom dla Matek z Dzie\u0107mi zapewnia te\u017c terapi\u0119 psychologiczn\u0105. Cotygodniowe, systematyczne spotkania z psychologiem pomagaj\u0105 mamom otrz\u0105sn\u0105\u0107 si\u0119 z traumatycznej przesz\u0142o\u015bci oraz zwi\u0119kszaj\u0105 samo\u015bwiadomo\u015b\u0107 co do istoty ich problem\u00f3w.<\/p>\n<p>Antonina Witkowska podkre\u015bla fakt, \u017ce podopieczne o\u015brodka cz\u0119sto nie znaj\u0105 wzorc\u00f3w dobrego \u017cycia i dopiero pobyt tutaj otwiera im oczy na nowe mo\u017cliwo\u015bci.<\/p>\n<p>&#8211; W tym \u017cyciu tak tkwi\u0142y i wydawa\u0142o si\u0119, \u017ce to normalne, wszyscy maj\u0105 jakie\u015b tam problemy. Ale otwieraj\u0105 oczy, \u017ce rano wstaj\u0105 i nikt nie krzyczy, nie wyzywa, nie bije, tylko normalnie jest. I zaczynaj\u0105 u\u015bwiadamia\u0107 sobie, \u017ce jest normalne \u017cycie, \u017ce mo\u017cna \u017cy\u0107 inaczej.<\/p>\n<p style=\"text-align: center;\"><strong>Porz\u0105dkowanie \u017cycia<\/strong><\/p>\n<p>Tak wi\u0119c pobyt w o\u015brodku to m.in. czas na uporz\u0105dkowanie swojego dotychczasowego \u017cycia, pod wzgl\u0119dem materialnym, emocjonalnym, prawnym.<\/p>\n<p>&#8211; To czas spokoju, azylu dla kobiet, \u017ceby za\u0142atwi\u0142y te wszystkie sprawy z poprzednim \u017cyciem i mog\u0142y w jaki\u015b spos\u00f3b na czysto wyj\u015b\u0107.<\/p>\n<p>W trakcie pobytu w brwinowskim Domu dla Matek z Dzie\u0107mi chodzi te\u017c o to, aby w miejsce poczucia bezradno\u015bci, jakie zazwyczaj towarzyszy mamom tu przyby\u0142ym, pojawi\u0142a si\u0119 wiara we w\u0142asne mo\u017cliwo\u015bci, w mo\u017cliwo\u015b\u0107 samodzielnego radzenia sobie z \u017cyciem, we w\u0142asn\u0105 skuteczno\u015b\u0107.<\/p>\n<p>&#8211; \u017be mo\u017cna to u\u0142o\u017cy\u0107, tylko trzeba uwierzy\u0107 w sam\u0105 siebie. Cz\u0119sto u\u015bwiadamiamy, \u017ce pani mo\u017ce, \u017ce pani mo\u017ce podj\u0105\u0107 prac\u0119, dziecko za chwil\u0119 uro\u015bnie, p\u00f3jdzie do przedszkola, p\u00f3jdzie do szko\u0142y i pani mo\u017ce te\u017c pracowa\u0107, mo\u017ce pani liczy\u0107 sama na siebie. Cz\u0119sto ci\u0119\u017cko w to uwierzy\u0107, \u017ce dzieci i praca \u2013 to mo\u017cna pogodzi\u0107. Panuje taki jaki\u015b strach przed nowym.<\/p>\n<p style=\"text-align: center;\"><strong>Usamodzielnione mamy<\/strong><\/p>\n<p>G\u0142\u00f3wnym celem pobytu w o\u015brodku jest uzyskanie samodzielno\u015bci przez mamy \u2013 co nieod\u0142\u0105cznie wi\u0105\u017ce si\u0119 z mo\u017cliwo\u015bci\u0105 podj\u0119cia przez nie pracy. Obecnie pomocne s\u0105 w tym programy unijne, dzi\u0119ki kt\u00f3rym mamy korzystaj\u0105 z doradztwa zawodowego, z kurs\u00f3w, szkole\u0144, sta\u017cy. \u201eBardzo du\u017co zale\u017cy, czy osoby chc\u0105 co\u015b zmieni\u0107.\u201d Wa\u017cne jest, by mimo trudno\u015bci wytrwa\u0142y w ch\u0119ci zmiany i systematycznie przygotowywa\u0142y sobie grunt pod przysz\u0142e \u017cycie, gdy znajd\u0105 si\u0119 ju\u017c \u201ena swoim\u201d.<\/p>\n<p>Zwyczajne, wsp\u00f3lne \u017cycie w o\u015brodku daje wzory dobrego funkcjonowania w codzienno\u015bci, w\u015br\u00f3d prozaicznych, ale koniecznych do za\u0142atwienia spraw. Dostosowanie si\u0119 do regu\u0142 i harmonogramu, wsp\u00f3\u0142praca ze wsp\u00f3\u0142mieszka\u0144cami, dok\u0142adne sprz\u0105tanie, przygotowanie obiadu dla wszystkich o odpowiedniej godzinie, pomaganie sobie nawzajem w opiece nad dzie\u0107mi \u2013 te elementy wsp\u00f3lnotowego \u017cycia pomagaj\u0105 w wyrobieniu w sobie potrzebnych nawyk\u00f3w.<\/p>\n<p style=\"text-align: center;\"><strong>Najwa\u017cniejsze jest dobro dziecka<\/strong><\/p>\n<p>Antonina Witkowska zaznacza, \u017ce w o\u015brodku zwraca si\u0119 uwag\u0119 na kwestie wychowawcze, zw\u0142aszcza na umiej\u0119tno\u015b\u0107 wsp\u00f3lnego sp\u0119dzania czasu z dzie\u0107mi, po\u015bwi\u0119cania im matczynej uwagi.<\/p>\n<p>&#8211; Dzieci potrzebuj\u0105, \u017ceby mama by\u0142a przy mnie, czy siedzia\u0142a, czy cokolwiek, ale by\u0142a obok. Uczymy sp\u0119dzania wzajemnie wsp\u00f3lnego czasu i ile to daje efektu na przysz\u0142o\u015b\u0107. \u017be dziecko potrzebuje mamy blisko.<\/p>\n<p style=\"text-align: center;\"><strong>Priorytetem jest dobro dziecka.<\/strong><\/p>\n<p>&#8211; Mamy uciekaj\u0105 tutaj i wtedy my\u015blimy jak pom\u00f3c, \u017ceby mama stan\u0119\u0142a na nogi psychicznie, wtedy i dziecko jest szcz\u0119\u015bliwe, je\u017celi mama jest szcz\u0119\u015bliwa.<\/p>\n<p>Los mam i dzieci z brwinowskiego Domu dla Matek z Dzie\u0107mi najwyra\u017aniej nie jest oboj\u0119tny innym ludziom. Antonina Witkowska podkre\u015bla, \u017ce o\u015brodek zawsze mo\u017ce liczy\u0107 na pomoc i zaanga\u017cowanie brwinowskich pracownik\u00f3w socjalnych i pracownik\u00f3w Urz\u0119du Miasta.<\/p>\n<p>Pomagaj\u0105 liczni prywatni darczy\u0144cy i du\u017ce firmy, kt\u00f3re same zg\u0142aszaj\u0105 si\u0119 z ch\u0119ci\u0105 pomocy. A tegoroczny Dzie\u0144 Dziecka postanowili uatrakcyjni\u0107 dzieciom wolontariusze z warszawskiej szko\u0142y.<\/p>\n<p style=\"text-align: right;\">Tekst i foto:<\/p>\n<p style=\"text-align: right;\"><strong>Sylwia Pa\u0144k\u00f3w<\/strong><\/p>\n","protected":false},"excerpt":{"rendered":"<p>Macierzy\u0144stwo nie zawsze us\u0142ane jest r\u00f3\u017cami, wiedz\u0105 o tym wszystkie matki. Zw\u0142aszcza kiedy \u0142\u0105czy si\u0119 z bezdomno\u015bci\u0105. Dom dla Matek z Dzie\u0107mi w Brwinowie \u201eNazaret\u201d, prowadzony przez Wsp\u00f3lnot\u0119 \u201eChleb \u017bycia\u201d, zapewnia schronienie i wsparcie matkom z dzie\u0107mi i kobietom w ci\u0105\u017cy, kt\u00f3re w pewnym momencie swojego \u017cycia sta\u0142y si\u0119 bezdomne. Trafiaj\u0105 tu z regu\u0142y kobiety [&hellip;]<\/p>\n","protected":false},"author":2,"featured_media":1432,"comment_status":"closed","ping_status":"open","sticky":false,"template":"","format":"standard","meta":{"footnotes":""},"categories":[9,8],"tags":[],"class_list":["post-1431","post","type-post","status-publish","format-standard","has-post-thumbnail","hentry","category-edukacja","category-roznosci"],"_links":{"self":[{"href":"https:\/\/fleschmazowsza.com.pl\/index.php?rest_route=\/wp\/v2\/posts\/1431","targetHints":{"allow":["GET"]}}],"collection":[{"href":"https:\/\/fleschmazowsza.com.pl\/index.php?rest_route=\/wp\/v2\/posts"}],"about":[{"href":"https:\/\/fleschmazowsza.com.pl\/index.php?rest_route=\/wp\/v2\/types\/post"}],"author":[{"embeddable":true,"href":"https:\/\/fleschmazowsza.com.pl\/index.php?rest_route=\/wp\/v2\/users\/2"}],"replies":[{"embeddable":true,"href":"https:\/\/fleschmazowsza.com.pl\/index.php?rest_route=%2Fwp%2Fv2%2Fcomments&post=1431"}],"version-history":[{"count":1,"href":"https:\/\/fleschmazowsza.com.pl\/index.php?rest_route=\/wp\/v2\/posts\/1431\/revisions"}],"predecessor-version":[{"id":1433,"href":"https:\/\/fleschmazowsza.com.pl\/index.php?rest_route=\/wp\/v2\/posts\/1431\/revisions\/1433"}],"wp:featuredmedia":[{"embeddable":true,"href":"https:\/\/fleschmazowsza.com.pl\/index.php?rest_route=\/wp\/v2\/media\/1432"}],"wp:attachment":[{"href":"https:\/\/fleschmazowsza.com.pl\/index.php?rest_route=%2Fwp%2Fv2%2Fmedia&parent=1431"}],"wp:term":[{"taxonomy":"category","embeddable":true,"href":"https:\/\/fleschmazowsza.com.pl\/index.php?rest_route=%2Fwp%2Fv2%2Fcategories&post=1431"},{"taxonomy":"post_tag","embeddable":true,"href":"https:\/\/fleschmazowsza.com.pl\/index.php?rest_route=%2Fwp%2Fv2%2Ftags&post=1431"}],"curies":[{"name":"wp","href":"https:\/\/api.w.org\/{rel}","templated":true}]}}