{"id":1421,"date":"2017-06-16T14:28:55","date_gmt":"2017-06-16T13:28:55","guid":{"rendered":"http:\/\/fleschmazowsza.com.pl\/?p=1421"},"modified":"2017-06-16T14:28:55","modified_gmt":"2017-06-16T13:28:55","slug":"szesc-medali-lekkoatletow","status":"publish","type":"post","link":"https:\/\/fleschmazowsza.com.pl\/?p=1421","title":{"rendered":"Sze\u015b\u0107 medali lekkoatlet\u00f3w"},"content":{"rendered":"<p><strong>W Sopocie odby\u0142y si\u0119 14. Mistrzostwa Polski Weteran\u00f3w w Rzutach Nietypowych. Z sze\u015bcioma medalami wr\u00f3cili z nich Stanis\u0142aw Bo\u0144da i autor relacji \u2013 Konrad Bo\u0144da.<\/strong><\/p>\n<p>Mistrzostwa w Sopocie by\u0142y, jak co roku, pierwsz\u0105 wiosenn\u0105 imprez\u0105 mistrzowsk\u0105 na otwartym stadionie i stanowi\u0142y okazj\u0119 do sprawdzenia formy, zdobycia medali oraz spotkania w gronie lekkoatlet\u00f3w z ca\u0142ej Polski (i nie tylko).<\/p>\n<p>Pogoda nad Ba\u0142tykiem by\u0142a jak zwykle kapry\u015bna. Pierwszego dnia niemal\u017ce rozpieszcza\u0142a zawodnik\u00f3w, ale drugi dzie\u0144 rozpocz\u0105\u0142 si\u0119 deszczowo. Na szcz\u0119\u015bcie opady szybko usta\u0142y i przeszkadza\u0142a tylko niska temperatura powietrza. W tym roku frekwencja by\u0142a nieznacznie ni\u017csza w por\u00f3wnaniu do lat poprzednich, jednak poziom sportowy pozosta\u0142 wysoki \u2013 poprawiono a\u017c 28 rekord\u00f3w Polski!<\/p>\n<p>Stanis\u0142aw Bo\u0144da zdoby\u0142 z\u0142oty medal w konkurencji rzut granatem. Konrad Bo\u0144da wywalczy\u0142 a\u017c pi\u0119\u0107 medali \u2013 2 z\u0142ote (rzut granatem , speerorama), 1 srebrny (rzut ci\u0119\u017carkiem) oraz 2 br\u0105zowe (m\u0142ot szkocki, shotorama).<\/p>\n<p>Kolejne zawody ju\u017c w najbli\u017cszych tygodniach, a kulminacj\u0105 sezonu b\u0119d\u0105 Mistrzostwa Polski Weteran\u00f3w w Wielobojach (Toru\u0144 17.06), Mistrzostwa Polski Weteran\u00f3w w Lekkiej Atletyce (Krak\u00f3w 1-2 lipca), Mistrzostwa Europy w Aarhus (27.07-06.08), oraz Mistrzostwa \u015awiata w Rzutach Nietypowych w w\u0119gierskim Tata (18-20.08). Wi\u0119cej o lekkoatletyce w wydaniu wetera\u0144skim mo\u017cna si\u0119 dowiedzie\u0107 na stronie www.pzwla.eu.<\/p>\n<p>Ch\u0119tni mog\u0105 do\u0142\u0105czy\u0107 do wsp\u00f3lnych trening\u00f3w i start\u00f3w. Zgodnie ze statutem Polskiego Zwi\u0105zku Weteran\u00f3w Lekkiej Atletyki weteranami s\u0105 osoby ju\u017c powy\u017cej 35 roku \u017cycia. W zawodach wetera\u0144skich w sezonie halowym pojawi\u0142 si\u0119 nowy zawodnik z Brwinowa, startuj\u0105cy w sprincie. Osoby, kt\u00f3re chcia\u0142yby rozpocz\u0105\u0107 przygod\u0119 z lekkoatletyk\u0105 lub powr\u00f3ci\u0107 do kr\u00f3lowej sportu, mog\u0105 kontaktowa\u0107 si\u0119 z Konradem Bo\u0144d\u0105: <a href=\"mailto:pzwlabrwinow@gmail.com\">pzwlabrwinow@gmail.com<\/a><\/p>\n<p style=\"text-align: right;\"><strong>U.G. Brwin\u00f3w<\/strong><\/p>\n<p style=\"text-align: right;\">Fot. <strong><em>archiwum rodzinne Konrad i Stanis\u0142aw Bo\u0144dy<\/em><\/strong><\/p>\n","protected":false},"excerpt":{"rendered":"<p>W Sopocie odby\u0142y si\u0119 14. Mistrzostwa Polski Weteran\u00f3w w Rzutach Nietypowych. Z sze\u015bcioma medalami wr\u00f3cili z nich Stanis\u0142aw Bo\u0144da i autor relacji \u2013 Konrad Bo\u0144da. Mistrzostwa w Sopocie by\u0142y, jak co roku, pierwsz\u0105 wiosenn\u0105 imprez\u0105 mistrzowsk\u0105 na otwartym stadionie i stanowi\u0142y okazj\u0119 do sprawdzenia formy, zdobycia medali oraz spotkania w gronie lekkoatlet\u00f3w z ca\u0142ej Polski [&hellip;]<\/p>\n","protected":false},"author":2,"featured_media":1422,"comment_status":"closed","ping_status":"open","sticky":false,"template":"","format":"standard","meta":{"footnotes":""},"categories":[8,4,5],"tags":[],"class_list":["post-1421","post","type-post","status-publish","format-standard","has-post-thumbnail","hentry","category-roznosci","category-sport","category-wiadomosci"],"_links":{"self":[{"href":"https:\/\/fleschmazowsza.com.pl\/index.php?rest_route=\/wp\/v2\/posts\/1421","targetHints":{"allow":["GET"]}}],"collection":[{"href":"https:\/\/fleschmazowsza.com.pl\/index.php?rest_route=\/wp\/v2\/posts"}],"about":[{"href":"https:\/\/fleschmazowsza.com.pl\/index.php?rest_route=\/wp\/v2\/types\/post"}],"author":[{"embeddable":true,"href":"https:\/\/fleschmazowsza.com.pl\/index.php?rest_route=\/wp\/v2\/users\/2"}],"replies":[{"embeddable":true,"href":"https:\/\/fleschmazowsza.com.pl\/index.php?rest_route=%2Fwp%2Fv2%2Fcomments&post=1421"}],"version-history":[{"count":2,"href":"https:\/\/fleschmazowsza.com.pl\/index.php?rest_route=\/wp\/v2\/posts\/1421\/revisions"}],"predecessor-version":[{"id":1424,"href":"https:\/\/fleschmazowsza.com.pl\/index.php?rest_route=\/wp\/v2\/posts\/1421\/revisions\/1424"}],"wp:featuredmedia":[{"embeddable":true,"href":"https:\/\/fleschmazowsza.com.pl\/index.php?rest_route=\/wp\/v2\/media\/1422"}],"wp:attachment":[{"href":"https:\/\/fleschmazowsza.com.pl\/index.php?rest_route=%2Fwp%2Fv2%2Fmedia&parent=1421"}],"wp:term":[{"taxonomy":"category","embeddable":true,"href":"https:\/\/fleschmazowsza.com.pl\/index.php?rest_route=%2Fwp%2Fv2%2Fcategories&post=1421"},{"taxonomy":"post_tag","embeddable":true,"href":"https:\/\/fleschmazowsza.com.pl\/index.php?rest_route=%2Fwp%2Fv2%2Ftags&post=1421"}],"curies":[{"name":"wp","href":"https:\/\/api.w.org\/{rel}","templated":true}]}}