{"id":1404,"date":"2017-06-14T09:51:57","date_gmt":"2017-06-14T08:51:57","guid":{"rendered":"http:\/\/fleschmazowsza.com.pl\/?p=1404"},"modified":"2017-06-14T09:51:57","modified_gmt":"2017-06-14T08:51:57","slug":"wakacyjne-bezplatne-warsztaty-teatralne-dla-mlodziezy","status":"publish","type":"post","link":"https:\/\/fleschmazowsza.com.pl\/?p=1404","title":{"rendered":"Wakacyjne bezp\u0142atne warsztaty teatralne dla m\u0142odzie\u017cy"},"content":{"rendered":"<p><strong>Po raz trzeci w Pruszkowie odbywa\u0107 si\u0119 b\u0119d\u0105 warsztaty teatralne w ramach og\u00f3lnopolskiego programu Instytutu Teatralnego im. Zbigniewa Raszewskiego \u201eLato w Teatrze\u201d. Projekt zatytu\u0142owany \u201eSw\u00f3j? Obcy? Teatralny Teren Bada\u0144\u201d rusza ju\u017c w lipcu. Do udzia\u0142u zaproszona jest m\u0142odzie\u017c w wieku 13-19 lat.<\/strong><\/p>\n<p style=\"text-align: center;\"><strong>Co b\u0119dziemy robi\u0107?<\/strong><\/p>\n<p>My\u015bl\u0105 przewodni\u0105 tegorocznych warsztat\u00f3w b\u0119dzie teatralne zbadanie poj\u0119\u0107 \u201esw\u00f3j\u201d i \u201eobcy\u201d z dw\u00f3ch perspektyw: \u201eJa &#8211; sw\u00f3j w\u015br\u00f3d obcych\u201d oraz \u201eJa \u2013 obcy w\u015br\u00f3d swoich\u201d. Instruktorzy i uczestnicy b\u0119d\u0105 rozmawia\u0107 o tym, na ile \u201eobco\u201d lub \u201eswojsko\u201d czuj\u0105 si\u0119 w\u015br\u00f3d r\u00f3wie\u015bnik\u00f3w, rodziny, najbli\u017cszych, w swoim mie\u015bcie. Podczas warsztat\u00f3w m\u0142odzie\u017c b\u0119dzie mia\u0142a okazj\u0119 przeku\u0107 w\u0142asne refleksje, spostrze\u017cenia, wnioski dotycz\u0105ce g\u0142\u00f3wnego tematu \u201eswojsko\u015bci\u201d i \u201eobco\u015bci\u201d w form\u0119 autorskiej, teatralnej wypowiedzi, kt\u00f3r\u0105 nast\u0119pnie zaprezentuj\u0105 dwukrotnie przed szersz\u0105 publiczno\u015bci\u0105.<\/p>\n<p>W programie warsztat\u00f3w znajd\u0105 si\u0119:<\/p>\n<p>&#8211; <u>warsztaty teatralne<\/u> b\u0119d\u0105 si\u0119 sk\u0142ada\u0107 z element\u00f3w opartych przede wszystkim na eksploracji cia\u0142a, g\u0142osu i rekwizytu w przestrzeni. \u0106wiczenia grupowe wykorzystuj\u0105ce r\u00f3\u017cne techniki skupienia i koncentracji uwagi pomog\u0105 w \u015bwiadomym reagowaniu na obecno\u015b\u0107 innych w teatrze. Ponadto wszystkie \u0107wiczenia i gry teatralne b\u0119d\u0105 tematycznie oscylowa\u0107 wok\u00f3\u0142 g\u0142\u00f3wnego tematu.<\/p>\n<p>&#8211; <u>warsztaty muzyczne<\/u> to praca z g\u0142osem ludzkim. Chcemy wypr\u00f3bowa\u0107 r\u00f3\u017cne techniki \u015bpiewu: ch\u00f3r, rapowanie, melorecytacj\u0119 i w\u0142\u0105czy\u0107 je do spektaklu jako spos\u00f3b wyra\u017cenia indywidualnych i zbiorowych emocji, prze\u017cy\u0107.<\/p>\n<p>&#8211; <u>warsztaty taneczne<\/u> \u2013 taniec wsp\u00f3\u0142czesny, kontakt improwizacje. Potraktujemy taniec jako \u015brodek wypowiedzi oraz spos\u00f3b budowania przestrzeni dialogu z widzem. Zaj\u0119cia obejm\u0105 formy ta\u0144ca wsp\u00f3\u0142czesnego i kontaktu improwizacji. Improwizacja pozwala na u\u017cycie ka\u017cdego, niczym nieograniczonego ruchu, poniewa\u017c nie ma w jej za\u0142o\u017ceniu w\u0142a\u015bciwego i niew\u0142a\u015bciwego ruchu.<\/p>\n<p>&#8211; <u>drama<\/u> kszta\u0142tuje z jednej strony umiej\u0119tno\u015bci spo\u0142eczne i intelektualne, takie jak: praca w grupie, wsp\u00f3\u0142dzia\u0142anie, umiej\u0119tno\u015bci efektywnej komunikacji, empatii\u037e z drugiej za\u015b pozwala na wyra\u017cenie siebie \u2014 w\u0142asnych uczu\u0107, my\u015bli i do\u015bwiadcze\u0144.<\/p>\n<p><strong>Zaj\u0119cia s\u0105 ca\u0142kowicie<\/strong> <strong>bezp\u0142atne.<\/strong> B\u0119d\u0105 si\u0119 odbywa\u0107 codziennie, po 6 godzin. Organizator zapewni podczas trwania warsztat\u00f3w drobny pocz\u0119stunek oraz niezb\u0119dne materia\u0142y.<\/p>\n<p style=\"text-align: center;\"><strong>Dla kogo?<\/strong><\/p>\n<p>Do udzia\u0142u w projekcie \u201eSw\u00f3j? Obcy? Teatralny Teren Bada\u0144\u201d zapraszamy m\u0142odzie\u017c w wieku 13-19 lat.<\/p>\n<p style=\"text-align: center;\"><strong>Kiedy i gdzie?<\/strong><\/p>\n<p>Zaj\u0119cia odbywa\u0107 si\u0119 b\u0119d\u0105 w terminie 10 &#8211; 24 lipca 2017 r. (jedyny dzie\u0144 wolny wypadnie w niedziel\u0119, 16 lipca) w Szkole Podstawowej nr. 6, przy ul. Lipowej 31 w Pruszkowie. Publiczne pokazy przygotowanego spektaklu odb\u0119d\u0105 si\u0119 23 i 24 lipca.<\/p>\n<p>Organizatorem warsztat\u00f3w jest Fundacja Wspierania Edukacji i Rozwoju \u201eInnowatorium\u201d. Lato w teatrze jest programem Instytutu Teatralnego im. Zbigniewa Raszewskiego finansowanym ze \u015brodk\u00f3w Ministerstwa Kultury i Dziedzictwa Narodowego.<\/p>\n<p style=\"text-align: center;\"><strong>Rekrutacja<\/strong><strong>\u00a0<\/strong><\/p>\n<p><strong>Zg\u0142oszenia do udzia\u0142u w warsztatach mo\u017cna przesy\u0142a\u0107 do 2 lipca 2017 na adres<\/strong><strong> swoj.obcy@innowatorium.org <\/strong><strong>lub wype\u0142niaj\u0105c<\/strong><strong> formularz on-line na stronie www.innowatorium.org<\/strong><\/p>\n<p style=\"text-align: center;\"><strong>Co to jest \u201eLato w teatrze\u201d? <\/strong><\/p>\n<p>LATO W TEATRZE to program Instytutu Teatralnego im. Zbigniewa Raszewskiego w Warszawie, realizowany ze \u015brodk\u00f3w Ministerstwa Kultury i Dziedzictwa Narodowego. Jego celem jest popularyzowanie pedagogiki teatralnej. Program sk\u0142ada si\u0119 z konkursu grantowego na realizacj\u0119 dwutygodniowych warsztat\u00f3w artystycznych dla dzieci i m\u0142odzie\u017cy, szkole\u0144 z zakresu pedagogiki teatru oraz artystyczno-edukacyjnych projekt\u00f3w objazdowych w namiocie cyrkowym.<\/p>\n<p>W aktualnej 10. edycji programu dofinansowanie otrzyma\u0142y 42 o\u015brodki z ca\u0142ej Polski \u2013 19 organizacji pozarz\u0105dowych i 23 samorz\u0105dowe instytucje kultury.<\/p>\n<p>Beneficjenci, kt\u00f3rzy organizowali u siebie Lato w teatrze w poprzednich latach co najmniej trzykrotnie, maj\u0105 za zadanie wsp\u00f3lnie zrealizowa\u0107 projekt z instytucj\u0105 lub organizacj\u0105 partnersk\u0105, nie bior\u0105c\u0105 dotychczas udzia\u0142u w programie. Ten modu\u0142 zosta\u0142 nazwany Lato w teatrze +, a dofinansowanie przyznano 6 o\u015brodkom.<\/p>\n<p>W tegorocznej edycji programu we\u017amie \u0142\u0105cznie udzia\u0142 ponad 1500 uczestnik\u00f3w. Autorskie warsztaty przygotowywane przez pedagog\u00f3w i artyst\u00f3w s\u0105 dla dzieci i m\u0142odzie\u017cy szans\u0105 na poznanie i samodzielne wykorzystanie teatralnego j\u0119zyka, a przede wszystkim na tw\u00f3rcze wyra\u017cenie siebie i zabaw\u0119 teatrem.<\/p>\n<p>Wi\u0119cej na temat programu na: www.latowteatrze.pl oraz Facebook.com\/programLatowteatrze<\/p>\n","protected":false},"excerpt":{"rendered":"<p>Po raz trzeci w Pruszkowie odbywa\u0107 si\u0119 b\u0119d\u0105 warsztaty teatralne w ramach og\u00f3lnopolskiego programu Instytutu Teatralnego im. Zbigniewa Raszewskiego \u201eLato w Teatrze\u201d. Projekt zatytu\u0142owany \u201eSw\u00f3j? Obcy? Teatralny Teren Bada\u0144\u201d rusza ju\u017c w lipcu. Do udzia\u0142u zaproszona jest m\u0142odzie\u017c w wieku 13-19 lat. Co b\u0119dziemy robi\u0107? My\u015bl\u0105 przewodni\u0105 tegorocznych warsztat\u00f3w b\u0119dzie teatralne zbadanie poj\u0119\u0107 \u201esw\u00f3j\u201d i [&hellip;]<\/p>\n","protected":false},"author":2,"featured_media":1405,"comment_status":"closed","ping_status":"open","sticky":false,"template":"","format":"standard","meta":{"footnotes":""},"categories":[9,6],"tags":[],"class_list":["post-1404","post","type-post","status-publish","format-standard","has-post-thumbnail","hentry","category-edukacja","category-kultura"],"_links":{"self":[{"href":"https:\/\/fleschmazowsza.com.pl\/index.php?rest_route=\/wp\/v2\/posts\/1404","targetHints":{"allow":["GET"]}}],"collection":[{"href":"https:\/\/fleschmazowsza.com.pl\/index.php?rest_route=\/wp\/v2\/posts"}],"about":[{"href":"https:\/\/fleschmazowsza.com.pl\/index.php?rest_route=\/wp\/v2\/types\/post"}],"author":[{"embeddable":true,"href":"https:\/\/fleschmazowsza.com.pl\/index.php?rest_route=\/wp\/v2\/users\/2"}],"replies":[{"embeddable":true,"href":"https:\/\/fleschmazowsza.com.pl\/index.php?rest_route=%2Fwp%2Fv2%2Fcomments&post=1404"}],"version-history":[{"count":1,"href":"https:\/\/fleschmazowsza.com.pl\/index.php?rest_route=\/wp\/v2\/posts\/1404\/revisions"}],"predecessor-version":[{"id":1406,"href":"https:\/\/fleschmazowsza.com.pl\/index.php?rest_route=\/wp\/v2\/posts\/1404\/revisions\/1406"}],"wp:featuredmedia":[{"embeddable":true,"href":"https:\/\/fleschmazowsza.com.pl\/index.php?rest_route=\/wp\/v2\/media\/1405"}],"wp:attachment":[{"href":"https:\/\/fleschmazowsza.com.pl\/index.php?rest_route=%2Fwp%2Fv2%2Fmedia&parent=1404"}],"wp:term":[{"taxonomy":"category","embeddable":true,"href":"https:\/\/fleschmazowsza.com.pl\/index.php?rest_route=%2Fwp%2Fv2%2Fcategories&post=1404"},{"taxonomy":"post_tag","embeddable":true,"href":"https:\/\/fleschmazowsza.com.pl\/index.php?rest_route=%2Fwp%2Fv2%2Ftags&post=1404"}],"curies":[{"name":"wp","href":"https:\/\/api.w.org\/{rel}","templated":true}]}}