{"id":1392,"date":"2017-06-07T08:11:58","date_gmt":"2017-06-07T07:11:58","guid":{"rendered":"http:\/\/fleschmazowsza.com.pl\/?p=1392"},"modified":"2017-06-07T08:11:58","modified_gmt":"2017-06-07T07:11:58","slug":"referenda-byly-i-nie-byly","status":"publish","type":"post","link":"https:\/\/fleschmazowsza.com.pl\/?p=1392","title":{"rendered":"Referenda by\u0142y i nie by\u0142y"},"content":{"rendered":"<p><strong>Znamy wyniki referendum w Konstancinie-Jeziornie, Podkowie le\u015bnej i Wieliszewie. W pozosta\u0142ych gminach zaplanowane na czerwiec referenda w sprawie powi\u0119kszenia granic administracyjnych stolicy zosta\u0142y odwo\u0142ane.<\/strong><\/p>\n<p>Pod koniec stycznia do Sejmu trafi\u0142 projekt PiS ustawy o ustroju miasta sto\u0142ecznego Warszawy, kt\u00f3ry przewidywa\u0142, \u017ce stolica sta\u0142aby si\u0119 metropolitaln\u0105 jednostk\u0105 samorz\u0105du terytorialnego, obejmuj\u0105c\u0105 ponad 30 gmin. Przeciwko projektowi protestowali politycy opozycji.<\/p>\n<p>26 marca w gminie Legionowo zorganizowano referendum, w kt\u00f3rym 94,27 proc. mieszka\u0144c\u00f3w bior\u0105cych w nim udzia\u0142 wypowiedzia\u0142o si\u0119 przeciwko przy\u0142\u0105czeniu Legionowa do metropolii warszawskiej. Frekwencja wynios\u0142a 46,72 proc.<\/p>\n<p>Pod koniec kwietnia pose\u0142 PiS Jacek Sasin poinformowa\u0142 o wycofaniu projektu dotycz\u0105cego metropolii warszawskiej. Zdaniem Sasina, w sprawie metropolii powinna dalej toczy\u0107 si\u0119 dyskusja, a dobr\u0105 drog\u0105 by\u0142by w przysz\u0142o\u015bci projekt rz\u0105dowy.<\/p>\n<p>Ju\u017c po wycofaniu projektu, 14 maja w Niepor\u0119cie r\u00f3wnie\u017c odby\u0142o si\u0119 referendum, w kt\u00f3rym 96,09 proc. bior\u0105cych udzia\u0142 w g\u0142osowaniu mieszka\u0144c\u00f3w wskaza\u0142o, \u017ce nie chce przy\u0142\u0105czenia do metropolii warszawskiej. Frekwencja wynios\u0142a 39,5 proc.<\/p>\n<p>&#8211; Frekwencja wynios\u0142a 29,3 proc., zabrak\u0142o oko\u0142o stu g\u0142os\u00f3w &#8211; poinformowa\u0142 przewodnicz\u0105cy gminnej komisji referendalnej w Konstancinie-Jeziornie Tomasz Kucza. Oznacza to, \u017ce odbywaj\u0105ce si\u0119 28 maja referendum jest niewa\u017cne.<\/p>\n<p>Za tym, \u017ceby m. st. Warszawa, jako metropolitalna jednostka samorz\u0105du terytorialnego, obj\u0119\u0142a Gmin\u0119 Konstancin-Jeziorna, g\u0142osowa\u0142y 172 osoby. Przeciw takiemu scenariuszowi g\u0142osowa\u0142o 5 tys. 447 os\u00f3b!<\/p>\n<p>W referendach dotycz\u0105cych metropolii warszawskiej mieli jeszcze swoje zdanie wyrazi\u0107 4 czerwca mieszka\u0144cy O\u017carowa Mazowieckiego, Podkowy Le\u015bnej, Karczewa, Wi\u0105zowny, Wieliszewa i Starych Babic. A 11 czerwca &#8211; Piastowa i Lesznowoli. Referenda odby\u0142y si\u0119 4 czerwca jedynie w Podkowie Le\u015bnej i Wieliszewie. W pozosta\u0142ych gminach zaplanowana na czerwiec akcja referendalna zosta\u0142a odwo\u0142ana, podobnie jak m.in. w Grodzisku Mazowieckim, J\u00f3zefowie, Karczewie, Micha\u0142owicach i Milan\u00f3wku.<\/p>\n<p>Natomiast w Podkowie Le\u015bnej 4 czerwca g\u0142osowa\u0142o 1356 os\u00f3b, co stanowi 42,3 % uprawnionych do g\u0142osowania. Oznacza to, \u017ce przekroczony zosta\u0142 pr\u00f3g 30%, kt\u00f3ry stanowi o wa\u017cno\u015bci referendum. Na pytanie: \u201eCzy jeste\u015b za utrzymaniem samodzielno\u015bci Podkowy Le\u015bnej jako odr\u0119bnej jednostki samorz\u0105du terytorialnego z dotychczasowymi kompetencjami samorz\u0105dowymi?\u201d \u201eTAK\u201d odpowiedzia\u0142o: 1312 os\u00f3b, \u201eNIE\u201d: 23.<\/p>\n<p>W Wieliszewie referendum okaza\u0142o si\u0119 niewa\u017cne. Wzi\u0119\u0142o w nim udzia\u0142 25,05% uprawnionych mieszka\u0144c\u00f3w gminy.<\/p>\n<p style=\"text-align: right;\"><strong>Marcin Gizi\u0144ski<\/strong><\/p>\n","protected":false},"excerpt":{"rendered":"<p>Znamy wyniki referendum w Konstancinie-Jeziornie, Podkowie le\u015bnej i Wieliszewie. W pozosta\u0142ych gminach zaplanowane na czerwiec referenda w sprawie powi\u0119kszenia granic administracyjnych stolicy zosta\u0142y odwo\u0142ane. Pod koniec stycznia do Sejmu trafi\u0142 projekt PiS ustawy o ustroju miasta sto\u0142ecznego Warszawy, kt\u00f3ry przewidywa\u0142, \u017ce stolica sta\u0142aby si\u0119 metropolitaln\u0105 jednostk\u0105 samorz\u0105du terytorialnego, obejmuj\u0105c\u0105 ponad 30 gmin. Przeciwko projektowi protestowali [&hellip;]<\/p>\n","protected":false},"author":2,"featured_media":1393,"comment_status":"closed","ping_status":"open","sticky":false,"template":"","format":"standard","meta":{"footnotes":""},"categories":[5],"tags":[],"class_list":["post-1392","post","type-post","status-publish","format-standard","has-post-thumbnail","hentry","category-wiadomosci"],"_links":{"self":[{"href":"https:\/\/fleschmazowsza.com.pl\/index.php?rest_route=\/wp\/v2\/posts\/1392","targetHints":{"allow":["GET"]}}],"collection":[{"href":"https:\/\/fleschmazowsza.com.pl\/index.php?rest_route=\/wp\/v2\/posts"}],"about":[{"href":"https:\/\/fleschmazowsza.com.pl\/index.php?rest_route=\/wp\/v2\/types\/post"}],"author":[{"embeddable":true,"href":"https:\/\/fleschmazowsza.com.pl\/index.php?rest_route=\/wp\/v2\/users\/2"}],"replies":[{"embeddable":true,"href":"https:\/\/fleschmazowsza.com.pl\/index.php?rest_route=%2Fwp%2Fv2%2Fcomments&post=1392"}],"version-history":[{"count":1,"href":"https:\/\/fleschmazowsza.com.pl\/index.php?rest_route=\/wp\/v2\/posts\/1392\/revisions"}],"predecessor-version":[{"id":1394,"href":"https:\/\/fleschmazowsza.com.pl\/index.php?rest_route=\/wp\/v2\/posts\/1392\/revisions\/1394"}],"wp:featuredmedia":[{"embeddable":true,"href":"https:\/\/fleschmazowsza.com.pl\/index.php?rest_route=\/wp\/v2\/media\/1393"}],"wp:attachment":[{"href":"https:\/\/fleschmazowsza.com.pl\/index.php?rest_route=%2Fwp%2Fv2%2Fmedia&parent=1392"}],"wp:term":[{"taxonomy":"category","embeddable":true,"href":"https:\/\/fleschmazowsza.com.pl\/index.php?rest_route=%2Fwp%2Fv2%2Fcategories&post=1392"},{"taxonomy":"post_tag","embeddable":true,"href":"https:\/\/fleschmazowsza.com.pl\/index.php?rest_route=%2Fwp%2Fv2%2Ftags&post=1392"}],"curies":[{"name":"wp","href":"https:\/\/api.w.org\/{rel}","templated":true}]}}