{"id":1336,"date":"2017-05-18T13:01:41","date_gmt":"2017-05-18T12:01:41","guid":{"rendered":"http:\/\/fleschmazowsza.com.pl\/?p=1336"},"modified":"2017-05-18T13:01:41","modified_gmt":"2017-05-18T12:01:41","slug":"piastow-mieszkancy-obawiaja-sie-ruchu-tranzytowego-z-pruszkowa","status":"publish","type":"post","link":"https:\/\/fleschmazowsza.com.pl\/?p=1336","title":{"rendered":"PIAST\u00d3W. Mieszka\u0144cy obawiaj\u0105 si\u0119 ruchu tranzytowego z Pruszkowa"},"content":{"rendered":"<p><strong>Rozbudowa ul. Barcewicza, ul. Ogi\u0144skiego i ul. \u017b\u00f3\u0142kiewskiego w Piastowie budzi wielkie emocje mieszka\u0144c\u00f3w. Ich zdaniem, inwestycja stanowi element zdecydowanie wi\u0119kszego projektu, kt\u00f3rego realizacja spowoduje, \u017ce miasto przejmie na siebie ruch tranzytowy obecnie odbywaj\u0105cy si\u0119 przez Pruszk\u00f3w. W\u0142adze Piastowa unikaj\u0105 jednoznacznych deklaracji.<\/strong><\/p>\n<p>W dniach 19 i 24 kwietnia 2017 r. mieszka\u0144cy Piastowa t\u0142umnie przybyli na spotkania z Rad\u0105 Miasta i Burmistrzem Piastowa, aby uzyska\u0107 informacje o charakterze planowanej rozbudowy ul. Barcewicza, ul. Ogi\u0144skiego i ul. \u017b\u00f3\u0142kiewskiego. Zdaniem mieszka\u0144c\u00f3w rozbudow\u0119 tych ulic trzeba rozpatrywa\u0107 w kontek\u015bcie planowanych przez Pruszk\u00f3w przedsi\u0119wzi\u0119\u0107 \u2013 budowy wiaduktu nad torami kolejowymi przy Papierni oraz budowy ul. Skrajnej.<\/p>\n<p style=\"text-align: center;\"><strong>Planowana inwestycja<\/strong><\/p>\n<p>Planowany ci\u0105g wpisuje si\u0119 tak\u017ce w pruszkowsk\u0105 map\u0119 inwestycji, bowiem \u201eObwodnica Piastowa\u201d ma po\u0142\u0105czy\u0107 si\u0119 z nowoprojektowan\u0105 ul. Warsztatow\u0105 z doj\u015bciem do ul. Broniewskiego i ul. Warszawskiej oraz przepraw\u0105 przez tory przy Papierni. Takie rozwi\u0105zanie spowoduje, \u017ce Piast\u00f3w przejmie na siebie ruch tranzytowy obecnie odbywaj\u0105cy si\u0119 przez Pruszk\u00f3w.<\/p>\n<p>Mieszka\u0144cy Piastowa dowodz\u0105, \u017ce miasto Piast\u00f3w, miasto Pruszk\u00f3w oraz powiat pruszkowski w dniu 4 stycznia 2017 r. zawar\u0142y porozumienie stwierdzaj\u0105ce potrzeb\u0119 wsp\u00f3\u0142pracy w zakresie budowy \u201ema\u0142ej wewn\u0119trznej\u201d obwodnicy miasta Piast\u00f3w.<\/p>\n<p>W my\u015bl tego porozumienia miasto Piast\u00f3w odpowiada za przygotowanie koncepcji uk\u0142adu drogowego na terenie Piastowa i Pruszkowa w ci\u0105gu ulic: S. \u017b\u00f3\u0142kiewskiego, M. Ogi\u0144skiego, S. Barcewicza w Piastowie i ul. Skrajnej w Pruszkowie. Piast\u00f3w zobowi\u0105zuje si\u0119 do przygotowania pe\u0142nej dokumentacji projektowo \u2013 kosztorysowej dla inwestycji przebiegaj\u0105cej w Piastowie i Pruszkowie.<\/p>\n<p>W dokumencie porozumienia \u201ema\u0142a obwodnica\u201d miasta Piastowa przebiegaj\u0105ca w ci\u0105gu ulic S. \u017b\u00f3\u0142kiewskiego, M. Ogi\u0144skiego, S. Barcewicza w Piastowie i ul. Skrajnej w Pruszkowie jest okre\u015blona jako \u201enowe po\u0142\u0105czenie pomi\u0119dzy Pruszkowem, Piastowem i Broniszami\u201d.<\/p>\n<p style=\"text-align: center;\"><strong>G\u0142o\u015bno o planach<\/strong><\/p>\n<p>Co wi\u0119cej, w dniu 18 kwietnia 2017 r. Prezydent Pruszkowa og\u0142osi\u0142 przetarg na przygotowanie projektu wiaduktu nad torami PKP w rejonie ulic Grunwaldzkiej i Broniewskiego. Przeprawa ta ma po\u0142\u0105czy\u0107 \u201eObwodnic\u0119 Piastowa\u201d z Alejami Jerozolimskimi.<\/p>\n<p>Obawy mieszka\u0144c\u00f3w Piastowa wzros\u0142y po publikacji artyku\u0142u na \u0142amach dodatku do Gazety Wyborczej \u2013 Biznes Plus z dnia 30 marca 2017 r., w kt\u00f3rym Wiceburmistrz Piastowa, Konrad Rytel, relacjonuje plany Piastowa.<\/p>\n<p>&#8211; Podejmujemy te\u017c spor\u0105 inwestycj\u0119 w zakresie budowy ma\u0142ej zachodniej obwodnicy miasta. Zawarli\u015bmy porozumienie ze starost\u0105, aby po\u0142\u0105czy\u0107 drog\u0119 powiatow\u0105 z drog\u0105 krajow\u0105. Zaowocuje to powstaniem na granicy Piastowa i Pruszkowa ma\u0142ej obwodnicy, kt\u00f3ra po\u0142\u0105czy ca\u0142y ruch mi\u0119dzy miastami. Inwestycja warta b\u0119dzie kilka milion\u00f3w, jednak po dofinansowanie b\u0119dziemy startowa\u0107 wsp\u00f3lnie ze starost\u0105 oraz prezydentem Pruszkowa, wi\u0119c szanse na uzyskanie dotacji s\u0105 spore. Chcemy tak\u017ce wykorzysta\u0107 czas wy\u0142\u0105czenia z ruchu linii kolejowej z powodu remontu i zbudowa\u0107 wiadukt \u0142\u0105cz\u0105cy Pruszk\u00f3w i Piast\u00f3w. Wszyscy, kt\u00f3rzy na ten moment poruszaj\u0105 si\u0119 zat\u0142oczonymi Alejami Jerozolimskimi, b\u0119d\u0105 mogli \u0142atwiej przedosta\u0107 si\u0119 na drug\u0105 stron\u0119 tor\u00f3w, a ta po\u0142\u0105czona b\u0119dzie z zachodni\u0105 obwodnic\u0105, o kt\u00f3rej wspomnia\u0142em wcze\u015bniej \u2013 m\u00f3wi\u0142 Wiceburmistrz Piastowa, Konrad Rytel.<\/p>\n<p style=\"text-align: center;\"><strong>Protesty nie ustaj\u0105<\/strong><\/p>\n<p>Burmistrz Piastowa, Grzegorz Szuplewski, unika jednak jednoznacznych deklaracji.<\/p>\n<p>\u2013 Projektujemy ci\u0105g ulic w Piastowie i interesuje nas poprawa komunikacji na terenie miasta. Nie chcia\u0142bym bra\u0107 odpowiedzialno\u015bci za to, co wydarzy si\u0119 poza naszymi granicami, bo nie mam do tego prawa. To suwerenna decyzja miasta Pruszkowa i starostwa powiatowego. Oczywi\u015bcie planowali\u015bmy ten uk\u0142ad komunikacyjny maj\u0105c \u015bwiadomo\u015b\u0107, \u017ce ruch samochodowy b\u0119dzie si\u0119 rozwija\u0142. Ale on b\u0119dzie si\u0119 rozwija\u0142 niezale\u017cnie od tego, czy ten projekt zrealizujemy czy nie. A ulica Barcewicza, kt\u00f3rej teraz nie ma, musi by\u0107 zbudowana. Ulica Ogi\u0144skiego musi by\u0107 wyremontowana, bo jej stan wo\u0142a o pomst\u0119 do nieba. Apeluj\u0119 do os\u00f3b, kt\u00f3re protestuj\u0105 o pow\u015bci\u0105gni\u0119cie emocji \u2013 m\u00f3wi Grzegorz Szuplewski, Burmistrz Piastowa.<\/p>\n<p>Mieszka\u0144cy Piastowa nie zamierzaj\u0105 jednak zako\u0144czy\u0107 protest\u00f3w. Dzi\u0119ki ich staraniom, 24 kwietnia 2017 r. Rada Miejska w Piastowie przychyli\u0142a si\u0119 do podj\u0119cia dzia\u0142a\u0144 maj\u0105cych na celu odst\u0105pienie od wykonania zadania budowy wewn\u0119trznej tzw. \u201ema\u0142ej obwodnicy\u201d.<\/p>\n<p>Na konkretne dzia\u0142ania b\u0119dziemy musieli jednak poczeka\u0107.<\/p>\n<p style=\"text-align: right;\"><strong>Kinga Rochalska<\/strong><\/p>\n","protected":false},"excerpt":{"rendered":"<p>Rozbudowa ul. Barcewicza, ul. Ogi\u0144skiego i ul. \u017b\u00f3\u0142kiewskiego w Piastowie budzi wielkie emocje mieszka\u0144c\u00f3w. Ich zdaniem, inwestycja stanowi element zdecydowanie wi\u0119kszego projektu, kt\u00f3rego realizacja spowoduje, \u017ce miasto przejmie na siebie ruch tranzytowy obecnie odbywaj\u0105cy si\u0119 przez Pruszk\u00f3w. W\u0142adze Piastowa unikaj\u0105 jednoznacznych deklaracji. W dniach 19 i 24 kwietnia 2017 r. mieszka\u0144cy Piastowa t\u0142umnie przybyli na [&hellip;]<\/p>\n","protected":false},"author":2,"featured_media":1337,"comment_status":"closed","ping_status":"open","sticky":false,"template":"","format":"standard","meta":{"footnotes":""},"categories":[5],"tags":[],"class_list":["post-1336","post","type-post","status-publish","format-standard","has-post-thumbnail","hentry","category-wiadomosci"],"_links":{"self":[{"href":"https:\/\/fleschmazowsza.com.pl\/index.php?rest_route=\/wp\/v2\/posts\/1336","targetHints":{"allow":["GET"]}}],"collection":[{"href":"https:\/\/fleschmazowsza.com.pl\/index.php?rest_route=\/wp\/v2\/posts"}],"about":[{"href":"https:\/\/fleschmazowsza.com.pl\/index.php?rest_route=\/wp\/v2\/types\/post"}],"author":[{"embeddable":true,"href":"https:\/\/fleschmazowsza.com.pl\/index.php?rest_route=\/wp\/v2\/users\/2"}],"replies":[{"embeddable":true,"href":"https:\/\/fleschmazowsza.com.pl\/index.php?rest_route=%2Fwp%2Fv2%2Fcomments&post=1336"}],"version-history":[{"count":1,"href":"https:\/\/fleschmazowsza.com.pl\/index.php?rest_route=\/wp\/v2\/posts\/1336\/revisions"}],"predecessor-version":[{"id":1338,"href":"https:\/\/fleschmazowsza.com.pl\/index.php?rest_route=\/wp\/v2\/posts\/1336\/revisions\/1338"}],"wp:featuredmedia":[{"embeddable":true,"href":"https:\/\/fleschmazowsza.com.pl\/index.php?rest_route=\/wp\/v2\/media\/1337"}],"wp:attachment":[{"href":"https:\/\/fleschmazowsza.com.pl\/index.php?rest_route=%2Fwp%2Fv2%2Fmedia&parent=1336"}],"wp:term":[{"taxonomy":"category","embeddable":true,"href":"https:\/\/fleschmazowsza.com.pl\/index.php?rest_route=%2Fwp%2Fv2%2Fcategories&post=1336"},{"taxonomy":"post_tag","embeddable":true,"href":"https:\/\/fleschmazowsza.com.pl\/index.php?rest_route=%2Fwp%2Fv2%2Ftags&post=1336"}],"curies":[{"name":"wp","href":"https:\/\/api.w.org\/{rel}","templated":true}]}}