{"id":1330,"date":"2017-05-18T12:40:47","date_gmt":"2017-05-18T11:40:47","guid":{"rendered":"http:\/\/fleschmazowsza.com.pl\/?p=1330"},"modified":"2017-05-18T12:40:47","modified_gmt":"2017-05-18T11:40:47","slug":"piastow-wystartowalo-mobilne-laboratorium-balon-lab","status":"publish","type":"post","link":"https:\/\/fleschmazowsza.com.pl\/?p=1330","title":{"rendered":"PIAST\u00d3W. Wystartowa\u0142o mobilne laboratorium Balon.Lab"},"content":{"rendered":"<p><strong>Pierwsz\u0105 lokalizacj\u0105, kt\u00f3r\u0105 odwiedzi\u0142 mobilny punkt pomiarowy by\u0142 Piast\u00f3w ko\u0142o Warszawy. Urz\u0105dzenie opracowane przez ekspert\u00f3w Politechniki Warszawskiej zmierzy\u0142o poziom st\u0119\u017cenia zanieczyszcze\u0144 powietrza \u2013 cz\u0105stek sta\u0142ych PM10 i\u00a0PM2,5.<\/strong><\/p>\n<p>W strefie aktywno\u015bci towarzysz\u0105cej balonowi mieszka\u0144cy Piastowa uzyskali informacje na temat przyczyn zanieczyszczenia powietrza i jego negatywnego wp\u0142ywu na zdrowie, a tak\u017ce porady jak przeciwdzia\u0142a\u0107 emisji truj\u0105cych substancji, kt\u00f3rych g\u0142\u00f3wnym \u017ar\u00f3d\u0142em jest sektor komunalno \u2013 bytowy.<\/p>\n<p>Uruchomienie balonu z mobilnym laboratorium do pomiaru jako\u015bci powietrza by\u0142o kulminacyjnym punktem wydarzenia. Mieszka\u0144cy mogli na \u017cywo \u015bledzi\u0107 poziom st\u0119\u017cenia w powietrzu cz\u0105stek sta\u0142ych &#8211; zanieczyszcze\u0144 py\u0142owych zawieszonych w powietrzu.<\/p>\n<p>Py\u0142 zawieszony jest niebezpieczny dla \u015brodowiska naturalnego i dla ludzkiego zdrowia. Mniejsze cz\u0105stki wraz z wdychanym powietrzem przenikaj\u0105 do organizmu cz\u0142owieka, zwi\u0119kszaj\u0105c ryzyko alergii, schorze\u0144 uk\u0142adu oddechowego, uk\u0142adu sercowo \u2013 naczyniowego oraz nowotwor\u00f3w p\u0142uc.<\/p>\n<p>&#8211; Podczas wydarzenia z udzia\u0142em balonu chcieli\u015bmy pokaza\u0107 mieszka\u0144com Piastowa i okolic, jak du\u017cy i\u00a0stale obecny jest problem smogu. Co wa\u017cne, ka\u017cdy z nas mo\u017ce podj\u0105\u0107 dzia\u0142ania, kt\u00f3re wp\u0142yn\u0105 na popraw\u0119 jako\u015bci powietrza \u2013 powiedzia\u0142a Natalia Rostkowska, rzecznik prasowy GASPOL SA, mecenasa Forum Rozwoju Efektywnej Energii.<\/p>\n<p>Piast\u00f3w by\u0142 pierwsz\u0105 lokalizacj\u0105, kt\u00f3r\u0105 odwiedzi\u0142 mobilny punkt pomiarowy Balon.Lab.<\/p>\n<p>Organizatorem projektu Balon.Lab jest stowarzyszenie Forum Rozwoju Efektywnej Energii (FREE), kt\u00f3re od 7 lat dzia\u0142a na rzecz rozwoju nowoczesnej i niskoemisyjnej energetyki na terenach wiejskich i\u00a0nisko zurbanizowanych. Dzia\u0142ania FREE mo\u017cna na bie\u017c\u0105co \u015bledzi\u0107 na stronie stowarzyszenia \u2013 <a href=\"http:\/\/www.forumfree.pl\">www.forumfree.pl<\/a>.<\/p>\n<p>Forum Rozwoju Efektywnej Energii (FREE) \u2013 to stowarzyszenie podejmuj\u0105ce szereg inicjatyw<br \/>\no zasi\u0119gu paneuropejskim maj\u0105cych na celu promocj\u0119 i rozw\u00f3j nowoczesnych \u017ar\u00f3de\u0142 energii na\u00a0obszarach wiejskich i niezurbanizowanych.<\/p>\n<p>Dzia\u0142ania informacyjne, promocyjne oraz prospo\u0142eczne s\u0105 ukierunkowane na przekazywanie wiedzy oraz informowanie o dost\u0119pno\u015bci mechanizm\u00f3w finansowania w ramach Unii Europejskiej.<\/p>\n<p>Inicjatywa FREE zosta\u0142a zapocz\u0105tkowana w 2010 r. i jest finansowana przez SHV Energy, kt\u00f3ra dostarcza ludziom i\u00a0prowadzonym przez nich biznesom zdecentralizowane oraz spersonalizowane rozwi\u0105zania i\u00a0us\u0142ugi energetyczne. W Polsce mecenasem projektu jest GASPOL SA.<\/p>\n<p style=\"text-align: right;\"><strong>Anna Ciecierska,<\/strong><\/p>\n<p style=\"text-align: right;\">Biuro Prasowe FREE<\/p>\n","protected":false},"excerpt":{"rendered":"<p>Pierwsz\u0105 lokalizacj\u0105, kt\u00f3r\u0105 odwiedzi\u0142 mobilny punkt pomiarowy by\u0142 Piast\u00f3w ko\u0142o Warszawy. Urz\u0105dzenie opracowane przez ekspert\u00f3w Politechniki Warszawskiej zmierzy\u0142o poziom st\u0119\u017cenia zanieczyszcze\u0144 powietrza \u2013 cz\u0105stek sta\u0142ych PM10 i\u00a0PM2,5. W strefie aktywno\u015bci towarzysz\u0105cej balonowi mieszka\u0144cy Piastowa uzyskali informacje na temat przyczyn zanieczyszczenia powietrza i jego negatywnego wp\u0142ywu na zdrowie, a tak\u017ce porady jak przeciwdzia\u0142a\u0107 emisji truj\u0105cych substancji, [&hellip;]<\/p>\n","protected":false},"author":2,"featured_media":1331,"comment_status":"closed","ping_status":"open","sticky":false,"template":"","format":"standard","meta":{"footnotes":""},"categories":[8,5],"tags":[],"class_list":["post-1330","post","type-post","status-publish","format-standard","has-post-thumbnail","hentry","category-roznosci","category-wiadomosci"],"_links":{"self":[{"href":"https:\/\/fleschmazowsza.com.pl\/index.php?rest_route=\/wp\/v2\/posts\/1330","targetHints":{"allow":["GET"]}}],"collection":[{"href":"https:\/\/fleschmazowsza.com.pl\/index.php?rest_route=\/wp\/v2\/posts"}],"about":[{"href":"https:\/\/fleschmazowsza.com.pl\/index.php?rest_route=\/wp\/v2\/types\/post"}],"author":[{"embeddable":true,"href":"https:\/\/fleschmazowsza.com.pl\/index.php?rest_route=\/wp\/v2\/users\/2"}],"replies":[{"embeddable":true,"href":"https:\/\/fleschmazowsza.com.pl\/index.php?rest_route=%2Fwp%2Fv2%2Fcomments&post=1330"}],"version-history":[{"count":1,"href":"https:\/\/fleschmazowsza.com.pl\/index.php?rest_route=\/wp\/v2\/posts\/1330\/revisions"}],"predecessor-version":[{"id":1332,"href":"https:\/\/fleschmazowsza.com.pl\/index.php?rest_route=\/wp\/v2\/posts\/1330\/revisions\/1332"}],"wp:featuredmedia":[{"embeddable":true,"href":"https:\/\/fleschmazowsza.com.pl\/index.php?rest_route=\/wp\/v2\/media\/1331"}],"wp:attachment":[{"href":"https:\/\/fleschmazowsza.com.pl\/index.php?rest_route=%2Fwp%2Fv2%2Fmedia&parent=1330"}],"wp:term":[{"taxonomy":"category","embeddable":true,"href":"https:\/\/fleschmazowsza.com.pl\/index.php?rest_route=%2Fwp%2Fv2%2Fcategories&post=1330"},{"taxonomy":"post_tag","embeddable":true,"href":"https:\/\/fleschmazowsza.com.pl\/index.php?rest_route=%2Fwp%2Fv2%2Ftags&post=1330"}],"curies":[{"name":"wp","href":"https:\/\/api.w.org\/{rel}","templated":true}]}}