{"id":1320,"date":"2017-05-17T13:43:31","date_gmt":"2017-05-17T12:43:31","guid":{"rendered":"http:\/\/fleschmazowsza.com.pl\/?p=1320"},"modified":"2017-05-17T13:43:31","modified_gmt":"2017-05-17T12:43:31","slug":"dwa-udane-referenda-w-powiecie-legionowskim","status":"publish","type":"post","link":"https:\/\/fleschmazowsza.com.pl\/?p=1320","title":{"rendered":"Dwa udane referenda w powiecie legionowskim"},"content":{"rendered":"<p><strong>W referendum w gminie Niepor\u0119t a\u017c 96,09% os\u00f3b g\u0142osuj\u0105cych wyrazi\u0142o sw\u00f3j sprzeciw wobec koncepcji \u201eMega Warszawy\u201d przygotowywanej przez PiS. Podobnie by\u0142o w marcu w Legionowie. Tak\u017ce samorz\u0105dy z naszego regionu przygotowuj\u0105 referenda.<\/strong><\/p>\n<p>Propozycja pos\u0142\u00f3w Prawa i Sprawiedliwo\u015bci, cho\u0107 oficjalnie partia ju\u017c si\u0119 z niej wycofa\u0142a, utworzenia jednostki metropolitarnej sk\u0142adaj\u0105cej si\u0119 z Warszawy i 32 okolicznych gmin, budzi ogromne kontrowersje. Dlatego w niekt\u00f3rych samorz\u0105dach planowane s\u0105 referenda.<\/p>\n<p>26 marca odby\u0142o si\u0119 ono w Legionowie (przy 46 proc. frekwencji 94 proc. mieszka\u0144c\u00f3w by\u0142o przeciw tak tworzonej metropolii). 14 maja g\u0142osowano w Niepor\u0119cie gdzie 96% mieszka\u0144c\u00f3w by\u0142o na NIE, przy frekwencji 39,5%. Najbli\u017csze g\u0142osowanie &#8211; 28 maja w Konstancinie-Jeziornej, a 4 czerwca w Podkowie Le\u015bnej, Wieliszewie i Piastowie (11.06.). Referendum by\u0142o r\u00f3wnie\u017c planowane w stolicy, ale wojewoda uchyli\u0142 uchwa\u0142\u0119 Rady Warszawy.<\/p>\n<p>W tych gminach o ile podj\u0119te w kwietniu i maju uchwa\u0142y nie zostan\u0105 uniewa\u017cnione przez wojewod\u0119 mieszka\u0144cy skorzystaj\u0105 z mo\u017cliwo\u015bci zabrania g\u0142osu. Aktualnie kompletowane s\u0105 komisje referendalne. B\u0119d\u0105 one na og\u00f3\u0142 zorganizowane dok\u0142adnie tak jak zwykle \u2013 w tych samych miejscach, w kt\u00f3rych zwykle ma miejsce g\u0142osowanie w wyborach. G\u0142osowanie trwa\u0107 b\u0119dzie od 7:00 do 21:00. Do wzi\u0119cia udzia\u0142u w referendum potrzebny b\u0119dzie dow\u00f3d osobisty b\u0105d\u017a inny dokument potwierdzaj\u0105cy to\u017csamo\u015b\u0107. Uprawnieni do g\u0142osowania s\u0105 pe\u0142noletni mieszka\u0144cy gminy, kt\u00f3rzy s\u0105 tu zameldowani na pobyt sta\u0142y lub wpisani do rejestru wyborc\u00f3w danej gminy.<\/p>\n<p>8 maja rady miejskie w Grodzisku Mazowieckim i Milan\u00f3wku podj\u0119\u0142y decyzje o uchyleniu wcze\u015bniej podj\u0119tych uchwa\u0142 w sprawie przeprowadzenia 4 czerwca referend\u00f3w w swoich gminach. Do\u0142\u0105czyli do nich samorz\u0105dowcy z: Piaseczna, Starych Babic, Wi\u0105zowny, Lesznowoli, Micha\u0142owic, B\u0142onia, Izabelina, Karczewa, J\u00f3zefowa, Brwinowa, oraz Pruszkowa. W Milan\u00f3wku o odwo\u0142aniu referendum zdecydowa\u0142y wzgl\u0119dy formalne.<\/p>\n<p>&#8211; Otrzymali\u015bmy decyzj\u0119 wojewody uniewa\u017cniaj\u0105c\u0105 nasz\u0105 uchwa\u0142\u0119. St\u0105d te\u017c inicjatorzy akcji referendalnej na majowej sesji zawnioskowali o uniewa\u017cnieniu g\u0142osowania \u2013 wyja\u015bnia radna Ewa Gali\u0144ska.<\/p>\n<p style=\"text-align: right;\"><strong>Marcin Gizi\u0144ski<\/strong><\/p>\n<p style=\"text-align: right;\">Fot. <strong><em>www.piastow.pl<\/em><\/strong><\/p>\n","protected":false},"excerpt":{"rendered":"<p>W referendum w gminie Niepor\u0119t a\u017c 96,09% os\u00f3b g\u0142osuj\u0105cych wyrazi\u0142o sw\u00f3j sprzeciw wobec koncepcji \u201eMega Warszawy\u201d przygotowywanej przez PiS. Podobnie by\u0142o w marcu w Legionowie. Tak\u017ce samorz\u0105dy z naszego regionu przygotowuj\u0105 referenda. Propozycja pos\u0142\u00f3w Prawa i Sprawiedliwo\u015bci, cho\u0107 oficjalnie partia ju\u017c si\u0119 z niej wycofa\u0142a, utworzenia jednostki metropolitarnej sk\u0142adaj\u0105cej si\u0119 z Warszawy i 32 okolicznych [&hellip;]<\/p>\n","protected":false},"author":2,"featured_media":1321,"comment_status":"closed","ping_status":"open","sticky":false,"template":"","format":"standard","meta":{"footnotes":""},"categories":[5],"tags":[],"class_list":["post-1320","post","type-post","status-publish","format-standard","has-post-thumbnail","hentry","category-wiadomosci"],"_links":{"self":[{"href":"https:\/\/fleschmazowsza.com.pl\/index.php?rest_route=\/wp\/v2\/posts\/1320","targetHints":{"allow":["GET"]}}],"collection":[{"href":"https:\/\/fleschmazowsza.com.pl\/index.php?rest_route=\/wp\/v2\/posts"}],"about":[{"href":"https:\/\/fleschmazowsza.com.pl\/index.php?rest_route=\/wp\/v2\/types\/post"}],"author":[{"embeddable":true,"href":"https:\/\/fleschmazowsza.com.pl\/index.php?rest_route=\/wp\/v2\/users\/2"}],"replies":[{"embeddable":true,"href":"https:\/\/fleschmazowsza.com.pl\/index.php?rest_route=%2Fwp%2Fv2%2Fcomments&post=1320"}],"version-history":[{"count":2,"href":"https:\/\/fleschmazowsza.com.pl\/index.php?rest_route=\/wp\/v2\/posts\/1320\/revisions"}],"predecessor-version":[{"id":1323,"href":"https:\/\/fleschmazowsza.com.pl\/index.php?rest_route=\/wp\/v2\/posts\/1320\/revisions\/1323"}],"wp:featuredmedia":[{"embeddable":true,"href":"https:\/\/fleschmazowsza.com.pl\/index.php?rest_route=\/wp\/v2\/media\/1321"}],"wp:attachment":[{"href":"https:\/\/fleschmazowsza.com.pl\/index.php?rest_route=%2Fwp%2Fv2%2Fmedia&parent=1320"}],"wp:term":[{"taxonomy":"category","embeddable":true,"href":"https:\/\/fleschmazowsza.com.pl\/index.php?rest_route=%2Fwp%2Fv2%2Fcategories&post=1320"},{"taxonomy":"post_tag","embeddable":true,"href":"https:\/\/fleschmazowsza.com.pl\/index.php?rest_route=%2Fwp%2Fv2%2Ftags&post=1320"}],"curies":[{"name":"wp","href":"https:\/\/api.w.org\/{rel}","templated":true}]}}