{"id":1308,"date":"2017-05-17T12:43:34","date_gmt":"2017-05-17T11:43:34","guid":{"rendered":"http:\/\/fleschmazowsza.com.pl\/?p=1308"},"modified":"2017-05-17T12:43:34","modified_gmt":"2017-05-17T11:43:34","slug":"renowacja-dworku-rodziny-chelmonskich-w-adamowizmie","status":"publish","type":"post","link":"https:\/\/fleschmazowsza.com.pl\/?p=1308","title":{"rendered":"Renowacja dworku rodziny Che\u0142mo\u0144skich w Adamowi\u017amie"},"content":{"rendered":"<p><strong>Grodziskim w\u0142odarzom uda\u0142o si\u0119 zdoby\u0107 oko\u0142o 2 mln z\u0142otych unijnej dotacji na renowacj\u0119 dworku rodziny Che\u0142mo\u0144skich w Adamowi\u017anie.<\/strong><\/p>\n<p>Historia zabytkowego drewnianego dworu si\u0119ga lat trzydziestych ubieg\u0142ego wieku. W\u00f3wczas na zlecenie doktora Mateusza Che\u0142mo\u0144skiego, kt\u00f3ry by\u0142 bratem malarza J\u00f3zefa Che\u0142mo\u0144skiego, zosta\u0142 wybudowany w miejscowo\u015bci Adamowizna \u201edw\u00f3r na g\u00f3rce\u201d.<\/p>\n<p>W 2003 roku znana \u201erz\u0105dc\u00f3wka\u201d, usytuowana nad stawem zasilanej przez wody Mrownej, zosta\u0142a wpisana do rejestru zabytk\u00f3w. Nieopodal stawu rozci\u0105ga si\u0119 2,5 hektarowy park krajobrazowy, w kt\u00f3rym rosn\u0105 wspania\u0142e okazy pomnikowych d\u0119b\u00f3w, kt\u00f3re po latach nazwano D\u0119bami Che\u0142mo\u0144skiego.<\/p>\n<p>Urz\u0119dnicy zapewniaj\u0105, \u017ce w przysz\u0142o\u015bci teren ten stanie si\u0119 cz\u0119sto odwiedzanym miejscem rekreacyjnym, zar\u00f3wno przez mieszka\u0144c\u00f3w, jak i turyst\u00f3w. Bowiem niegdy\u015b Adamowizna zwi\u0105zana by\u0142a z osob\u0105 J\u00f3zefa Che\u0142mo\u0144skiego, uznanego w \u015bwiecie malarza.<\/p>\n<p>Wzd\u0142u\u017c rzeki zaplanowano wybudowanie szlaku spacerowo \u2013 rowerowego, a opr\u00f3cz gruntownego remontu dworku, dalsze za\u0142o\u017cenia inwestycyjne zwi\u0105zane b\u0119d\u0105 z zakupem wyposa\u017cenia zabytku, a tak\u017ce z odnowieniem za\u0142o\u017ce\u0144 parkowych, w tym ro\u015blinno\u015bci przydomowego ogr\u00f3dka. Pojawi\u0105 si\u0119 m.in. nowe nasadzenia i alejki parkowe. Ponadto powstanie budynek zaplecza, a renowacji zostan\u0105 poddane k\u0142adka i most na Mrownej.<\/p>\n<p>Dostosowuj\u0105c si\u0119 do standard\u00f3w nowych technologii, urz\u0119dnicy postanowili tak\u017ce, i\u017c panoramiczne zdj\u0119cia dworku zostan\u0105 zdygitalizowane, aby pasjonaci pi\u0119knej przyrody mogli zwiedza\u0107 zabytek r\u00f3wnie\u017c przez Internet.<\/p>\n<p style=\"text-align: right;\"><strong>Daria G\u0142owacka<\/strong><\/p>\n<p style=\"text-align: right;\">Fot. <strong><em>www.grodzisk.pl<\/em><\/strong><\/p>\n","protected":false},"excerpt":{"rendered":"<p>Grodziskim w\u0142odarzom uda\u0142o si\u0119 zdoby\u0107 oko\u0142o 2 mln z\u0142otych unijnej dotacji na renowacj\u0119 dworku rodziny Che\u0142mo\u0144skich w Adamowi\u017anie. Historia zabytkowego drewnianego dworu si\u0119ga lat trzydziestych ubieg\u0142ego wieku. W\u00f3wczas na zlecenie doktora Mateusza Che\u0142mo\u0144skiego, kt\u00f3ry by\u0142 bratem malarza J\u00f3zefa Che\u0142mo\u0144skiego, zosta\u0142 wybudowany w miejscowo\u015bci Adamowizna \u201edw\u00f3r na g\u00f3rce\u201d. W 2003 roku znana \u201erz\u0105dc\u00f3wka\u201d, usytuowana nad stawem [&hellip;]<\/p>\n","protected":false},"author":2,"featured_media":1309,"comment_status":"closed","ping_status":"open","sticky":false,"template":"","format":"standard","meta":{"footnotes":""},"categories":[5],"tags":[],"class_list":["post-1308","post","type-post","status-publish","format-standard","has-post-thumbnail","hentry","category-wiadomosci"],"_links":{"self":[{"href":"https:\/\/fleschmazowsza.com.pl\/index.php?rest_route=\/wp\/v2\/posts\/1308","targetHints":{"allow":["GET"]}}],"collection":[{"href":"https:\/\/fleschmazowsza.com.pl\/index.php?rest_route=\/wp\/v2\/posts"}],"about":[{"href":"https:\/\/fleschmazowsza.com.pl\/index.php?rest_route=\/wp\/v2\/types\/post"}],"author":[{"embeddable":true,"href":"https:\/\/fleschmazowsza.com.pl\/index.php?rest_route=\/wp\/v2\/users\/2"}],"replies":[{"embeddable":true,"href":"https:\/\/fleschmazowsza.com.pl\/index.php?rest_route=%2Fwp%2Fv2%2Fcomments&post=1308"}],"version-history":[{"count":1,"href":"https:\/\/fleschmazowsza.com.pl\/index.php?rest_route=\/wp\/v2\/posts\/1308\/revisions"}],"predecessor-version":[{"id":1310,"href":"https:\/\/fleschmazowsza.com.pl\/index.php?rest_route=\/wp\/v2\/posts\/1308\/revisions\/1310"}],"wp:featuredmedia":[{"embeddable":true,"href":"https:\/\/fleschmazowsza.com.pl\/index.php?rest_route=\/wp\/v2\/media\/1309"}],"wp:attachment":[{"href":"https:\/\/fleschmazowsza.com.pl\/index.php?rest_route=%2Fwp%2Fv2%2Fmedia&parent=1308"}],"wp:term":[{"taxonomy":"category","embeddable":true,"href":"https:\/\/fleschmazowsza.com.pl\/index.php?rest_route=%2Fwp%2Fv2%2Fcategories&post=1308"},{"taxonomy":"post_tag","embeddable":true,"href":"https:\/\/fleschmazowsza.com.pl\/index.php?rest_route=%2Fwp%2Fv2%2Ftags&post=1308"}],"curies":[{"name":"wp","href":"https:\/\/api.w.org\/{rel}","templated":true}]}}