{"id":1305,"date":"2017-05-17T10:01:34","date_gmt":"2017-05-17T09:01:34","guid":{"rendered":"http:\/\/fleschmazowsza.com.pl\/?p=1305"},"modified":"2017-05-17T10:01:34","modified_gmt":"2017-05-17T09:01:34","slug":"jubileusz-miesiecznika-bogoria","status":"publish","type":"post","link":"https:\/\/fleschmazowsza.com.pl\/?p=1305","title":{"rendered":"Jubileusz miesi\u0119cznika \u201eBogoria\u201d"},"content":{"rendered":"<p><strong>Bardzo wiele os\u00f3b przyby\u0142o do willi \u201eRadogoszcz\u201d by uczci\u0107 25 rocznic\u0119 powstania \u201eBogorii\u201d, pisma kt\u00f3re jest obecnie bodaj najd\u0142u\u017cej nieprzerwanie ukazuj\u0105cym si\u0119 tytu\u0142em w regionie.<\/strong><\/p>\n<p>Pojawili si\u0119 notable w postaci starosty grodziskiego Marka Wie\u017cbickiego i burmistrza Grodziska Grzegorza Benedykci\u0144skiego. By\u0142 cz\u0142owiek o najd\u0142u\u017cszym sta\u017cu pisania w \u201eBogorii\u201d \u2013 Micha\u0142 \u015aliwi\u0144ski, kt\u00f3ry niemal nieprzerwanie zape\u0142nia kolumny sportowe sprawozdaniami, ocenami czy prognozami. Zabrak\u0142o kilkorga by\u0142ych naczelnych, swoist\u0105 klamr\u0105 by\u0142\u00a0 Krzysztof Bo\u0144kowski, aktualny dowodz\u0105cy miesi\u0119cznikiem i ni\u017cej podpisany, do kt\u00f3rego Krzysztof zwraca si\u0119 czasem (czasem podkre\u015blam) per \u201eOjcze za\u0142o\u017cycielu\u201d, tak si\u0119 bowiem sk\u0142ada, \u017ce mia\u0142em niew\u0105tpliw\u0105 przyjemno\u015b\u0107 przyczyni\u0107 si\u0119 do powstania periodyku i by\u0107 jego pierwszym redaktorem naczelnym. \u00a0Zabrak\u0142o niestety trzeciego (a merytorycznie \u00a0(wybacz Michale ) \u2013 drugiego z zak\u0142adaj\u0105cych , \u00f3wczesnego dyrektora o\u015brodka kultury Grzegorza Witkowskiego. W ka\u017cdym razie lista przyby\u0142ych, kt\u00f3rzy podpisali niejako list\u0119 obecno\u015bci by\u0142a doprawdy spora. I nie chc\u0119 jej kontynuowa\u0107 bowiem zawsze kogo\u015b pomin\u0119. By\u0142y chwile wzrusze\u0144, spotka\u0144 po kilkunastu latach.<\/p>\n<p>Nie by\u0142o jednak li i jedynie towarzysko: otwarta zosta\u0142a wystawa dokumentuj\u0105ca istnienie prasy lokalnej\u00a0 w Grodzisku, Agnieszka Grochowicz za\u015bpiewa\u0142a piosenki Agnieszki Osieckiej i Seweryna Krajewskiego.<\/p>\n<p>I by\u0142o tak czasem nostalgicznie, wzruszeniowo mo\u017ce momentami\u2026<\/p>\n<p style=\"text-align: right;\"><strong>T&amp;f Krystyn Fok<\/strong><\/p>\n","protected":false},"excerpt":{"rendered":"<p>Bardzo wiele os\u00f3b przyby\u0142o do willi \u201eRadogoszcz\u201d by uczci\u0107 25 rocznic\u0119 powstania \u201eBogorii\u201d, pisma kt\u00f3re jest obecnie bodaj najd\u0142u\u017cej nieprzerwanie ukazuj\u0105cym si\u0119 tytu\u0142em w regionie. Pojawili si\u0119 notable w postaci starosty grodziskiego Marka Wie\u017cbickiego i burmistrza Grodziska Grzegorza Benedykci\u0144skiego. By\u0142 cz\u0142owiek o najd\u0142u\u017cszym sta\u017cu pisania w \u201eBogorii\u201d \u2013 Micha\u0142 \u015aliwi\u0144ski, kt\u00f3ry niemal nieprzerwanie zape\u0142nia kolumny [&hellip;]<\/p>\n","protected":false},"author":2,"featured_media":1306,"comment_status":"closed","ping_status":"open","sticky":false,"template":"","format":"standard","meta":{"footnotes":""},"categories":[6,8,5],"tags":[],"class_list":["post-1305","post","type-post","status-publish","format-standard","has-post-thumbnail","hentry","category-kultura","category-roznosci","category-wiadomosci"],"_links":{"self":[{"href":"https:\/\/fleschmazowsza.com.pl\/index.php?rest_route=\/wp\/v2\/posts\/1305","targetHints":{"allow":["GET"]}}],"collection":[{"href":"https:\/\/fleschmazowsza.com.pl\/index.php?rest_route=\/wp\/v2\/posts"}],"about":[{"href":"https:\/\/fleschmazowsza.com.pl\/index.php?rest_route=\/wp\/v2\/types\/post"}],"author":[{"embeddable":true,"href":"https:\/\/fleschmazowsza.com.pl\/index.php?rest_route=\/wp\/v2\/users\/2"}],"replies":[{"embeddable":true,"href":"https:\/\/fleschmazowsza.com.pl\/index.php?rest_route=%2Fwp%2Fv2%2Fcomments&post=1305"}],"version-history":[{"count":1,"href":"https:\/\/fleschmazowsza.com.pl\/index.php?rest_route=\/wp\/v2\/posts\/1305\/revisions"}],"predecessor-version":[{"id":1307,"href":"https:\/\/fleschmazowsza.com.pl\/index.php?rest_route=\/wp\/v2\/posts\/1305\/revisions\/1307"}],"wp:featuredmedia":[{"embeddable":true,"href":"https:\/\/fleschmazowsza.com.pl\/index.php?rest_route=\/wp\/v2\/media\/1306"}],"wp:attachment":[{"href":"https:\/\/fleschmazowsza.com.pl\/index.php?rest_route=%2Fwp%2Fv2%2Fmedia&parent=1305"}],"wp:term":[{"taxonomy":"category","embeddable":true,"href":"https:\/\/fleschmazowsza.com.pl\/index.php?rest_route=%2Fwp%2Fv2%2Fcategories&post=1305"},{"taxonomy":"post_tag","embeddable":true,"href":"https:\/\/fleschmazowsza.com.pl\/index.php?rest_route=%2Fwp%2Fv2%2Ftags&post=1305"}],"curies":[{"name":"wp","href":"https:\/\/api.w.org\/{rel}","templated":true}]}}