{"id":130,"date":"2016-10-19T10:15:45","date_gmt":"2016-10-19T09:15:45","guid":{"rendered":"http:\/\/fleschmazowsza.com.pl\/?p=130"},"modified":"2016-10-19T10:15:45","modified_gmt":"2016-10-19T09:15:45","slug":"mistrzostwa-swiata-w-karate-tradycyjnym-krakow-orlen-2016","status":"publish","type":"post","link":"https:\/\/fleschmazowsza.com.pl\/?p=130","title":{"rendered":"Mistrzostwa \u015awiata w Karate Tradycyjnym Krak\u00f3w ORLEN 2016"},"content":{"rendered":"<p><strong>Przez dwa dni Krak\u00f3w pe\u0142ni\u0142 rol\u0119 stolicy karate \u2013 to tutaj w dniach 14-15 pa\u017adziernika rywalizowali karatecy z 5 kontynent\u00f3w podczas zawod\u00f3w w ramach \u015awiatowego Festiwalu Renesans Karate-do. Mistrzostwa \u015awiata w Karate Tradycyjnym Krak\u00f3w ORLEN 2016, XXIII Mistrzostwa Europy Karate Fudokan, Turniej Karate Koshiki Super Karatedo WGP oraz Puchar \u015awiata Dzieci w Karate Tradycyjnym pod jednym dachem \u2013 TAURON Areny Krak\u00f3w zgromadzi\u0142y ponad 2 tysi\u0105ce zawodnik\u00f3w z 38 pa\u0144stw!<\/strong><\/p>\n<p style=\"text-align: left;\">-Spotkali\u015bmy si\u0119 w Krakowie \u2013 prawdziwym mie\u015bcie renesansu \u2013 na \u015awiatowym Festiwalu Renesans Karate-do. \u0141\u0105czy nas karate, kt\u00f3re jest drog\u0105 edukacji. To nie tylko sport, to nie tylko przyja\u017a\u0144, to znacznie wi\u0119cej \u2013 czuj\u0119, \u017ce jeste\u015bmy wielk\u0105 rodzin\u0105 \u2013 powiedzia\u0142 W\u0142odzimierz Kwieci\u0144ski, prezydent \u015awiatowej Federacji Karate Tradycyjnego (WTKF), prezes Polskiego Zwi\u0105zku Karate Tradycyjnego, otwieraj\u0105c mistrzostwa.<br \/>\nW Mistrzostwach \u015awiata w Karate Tradycyjnym Krak\u00f3w ORLEN 2016 Polacy startuj\u0105cy w kategorii senior\u00f3w wywalczyli 11 z\u0142otych medali \u2013 okazali si\u0119 bezkonkurencyjni prawie we wszystkich konkurencjach, zdobyli dodatkowo 2 srebrne i 4 br\u0105zowe medale. M\u0142odzie\u017cowcy w konkurencjach indywidualnych wywalczyli 10 medali: 6 z\u0142otych, 3 srebrne i 1 br\u0105zowy; juniorzy \u2013 9 medali: 4 z\u0142ote, 1 srebrny i 4 br\u0105zowe; kadeci \u2013 r\u00f3wnie\u017c 9 medali: po 3 z\u0142ote, srebrne i br\u0105zowe. W konkurencjach dru\u017cynowych kadeci i juniorzy wywalczyli 4 kr\u0105\u017cki: 2 z\u0142ote i 2 srebrne. Po raz pierwszy w\u015br\u00f3d senior\u00f3w kobiety rywalizowa\u0142y w kumite dru\u017cynowym.<\/p>\n<p style=\"text-align: center;\"><strong>Nasze z\u0142otka<\/strong><\/p>\n<p>Najwi\u0119kszym dorobkiem medalowym mo\u017ce si\u0119 poszczyci\u0107 Maria Depta (TS \u201eSok\u00f3\u0142\u201d Aleksandr\u00f3w \u0141\u00f3dzki), kt\u00f3ra z Krakowa wywioz\u0142a 3 z\u0142ote medale i 1 br\u0105zowy.<\/p>\n<p>-Bardzo si\u0119 ciesz\u0119 z tego wyniku. By\u0142am bardzo dobrze przygotowana zar\u00f3wno technicznie, jak i do walki. Szczeg\u00f3lnie cieszy mnie z\u0142oto w fuku-go, bo to ukoronowanie sezonu, oraz w kumite dru\u017cynowym, bo to historyczna chwila. Ten sukces nie by\u0142oby mo\u017cliwy bez moich trener\u00f3w: Radka Olczyka i Iwony Karwackiej \u2013 powiedzia\u0142a po zawodach.<\/p>\n<p>Dwa z\u0142ota w kumite i br\u0105z zdoby\u0142a Justyna Marciniak (Lubelski KKT), kt\u00f3ra podsumowa\u0142a start s\u0142owami:<\/p>\n<p>-Te dwa medale w kumite s\u0105 spe\u0142nieniem moich marze\u0144. Od zawsze by\u0142a to moja koronna konkurencja. Ciesz\u0119 si\u0119, \u017ce obroni\u0142am tytu\u0142 i mia\u0142am okazj\u0119 zaprezentowa\u0107 si\u0119 z dziewczynami w dru\u017cynie. Dopingowa\u0142y\u015bmy si\u0119 wzajemnie i stworzy\u0142y\u015bmy \u015bwietny team \u2013 \u017cadna nie by\u0142a ani lepsza, ani gorsza, to by\u0142 klucz do sukcesu. Ciesz\u0119 si\u0119, \u017ce wytrzyma\u0142am presj\u0119 mistrzyni \u015bwiata, bo ci\u0119\u017cej znie\u015b\u0107 sukces ni\u017c pora\u017ck\u0119.<\/p>\n<p style=\"text-align: center;\"><strong>Najm\u0142odszy mistrz \u015bwiata<\/strong><\/p>\n<p>Podobnie dwa z\u0142ota w kumite wywalczy\u0142 debiutuj\u0105cy w kategorii senior\u00f3w Dawid Rojowski (Kluczborski KK).<\/p>\n<p>-Start uwa\u017cam za udany, cho\u0107 spodziewa\u0142em si\u0119 wi\u0119cej. Moim najwi\u0119kszym szcz\u0119\u015bciem by\u0142o to, \u017ce nie spotka\u0142em si\u0119 w finale z Damianem Tomasikiem, mimo \u017ce by\u0142 w bardzo dobrej formie. Jestem chyba najm\u0142odszym mistrzem \u015bwiata \u2013 dzi\u0119kuj\u0119 za mo\u017cliwo\u015b\u0107 wystartowania jako najm\u0142odszy zawodnik w\u015br\u00f3d senior\u00f3w \u2013 powiedzia\u0142 po wygranej.<\/p>\n<p>Obie nasze dru\u017cyny kumite stoczy\u0142y zaci\u0119te walki w fina\u0142ach i tak\u017ce wywalczy\u0142y z\u0142ote medale. Dru\u017cyna kobiet w sk\u0142adzie: Maria Depta (TS \u201eSok\u00f3\u0142\u201d Aleksandr\u00f3w \u0141\u00f3dzki), Justyna Marciniak (Lubelski KKT), Agnieszka Sajdutka (AKT Rzesz\u00f3w) i Aleksandra Gorzka (KK Pruszk\u00f3w) w finale rywalizowa\u0142a z dru\u017cyn\u0105 z Czech. Za\u015b m\u0119\u017cczy\u017ani: Dawid Rojowski (Kluczborski KK), Damian Tomasik (TS \u201eSok\u00f3\u0142\u201d Aleksandr\u00f3w \u0141\u00f3dzki), Jan K\u0142\u0119bek (P\u0142ocka AKT), \u0141ukasz Radwa\u0144ski (Kluczborski KK) zaci\u0119te walki fina\u0142owe stoczyli z dru\u017cyn\u0105 Brazylii.<\/p>\n<p style=\"text-align: center;\"><strong>Pruszkowianka w podw\u00f3jnej koronie<\/strong><\/p>\n<p>Dwa z\u0142ota \u2013 w kata indywidualnym i w kumite dru\u017cynowym zdoby\u0142a tak\u017ce Aleksandra Gorzka (KK Pruszk\u00f3w). A w\u015br\u00f3d m\u0119\u017cczyzn tytu\u0142 mistrzowski w kata indywidualnym obroni\u0142 Pawe\u0142 Janusz (AKT Niepo\u0142omice), kt\u00f3ry kolejne z\u0142oto wywalczy\u0142 wraz z dru\u017cyn\u0105 kata.<\/p>\n<p>Tytu\u0142y mistrzowskie obroni\u0142y obie polskie dru\u017cyny kata. Niepokonana na \u015bwiecie pozostaje zar\u00f3wno dru\u017cyna kobiet z AKT Niepo\u0142omice w sk\u0142adzie: Katrin Kargbo, Anna Mleko i Joanna Musia\u0142, jak i m\u0119\u017cczyzn, kt\u00f3r\u0105 tworz\u0105 obecnie Pawe\u0142 Janusz, Wiktor Staszak i Konrad Irzyk.<\/p>\n<p>Podobnie tytu\u0142 obroni\u0142a para en-bu kobieta\/m\u0119\u017cczyzna: Maria Depta i Adrian Zwierzchowski (TS \u201eSok\u00f3\u0142\u201d Aleksandr\u00f3w \u0141\u00f3dzki). Para en-bu m\u0119\u017cczyzn: Wiktor Staszak i Pawe\u0142 Tomasik (AKT Niepo\u0142omice) si\u0119gn\u0119\u0142a po raz pierwszy po z\u0142oto w kategorii senior\u00f3w.<\/p>\n<p style=\"text-align: left;\">Agnieszka Sajdutka (AKT Rzesz\u00f3w) wywalczy\u0142a z dru\u017cyn\u0105 kumite z\u0142oto, a indywidualnie w kumite srebro. W kata indywidualnym wicemistrzem \u015bwiata zosta\u0142 Witold Kwieci\u0144ski (\u0141\u00f3dzka AKT). A dwa br\u0105zowe medale w fuku-go zdobyli Maciej Szcz\u0105chor (KK Pruszk\u00f3w) i Damian Pawlik (KK Pruszk\u00f3w).<\/p>\n<p style=\"text-align: center;\"><strong>Koniec kariery<\/strong><\/p>\n<p>Karier\u0119 zawodnicz\u0105 w Krakowie zako\u0144czy\u0142 \u0141ukasz Radwa\u0144ski \u2013 trzykrotny mistrz \u015bwiata, zdobywca pucharu \u015bwiata i wielokrotny mistrz Europy.<\/p>\n<p>-Zdecydowa\u0142em zako\u0144czy\u0107 swoj\u0105 karier\u0119, poniewa\u017c zrealizowa\u0142em wszystkie swoje sportowe cele i marzenia. Chc\u0119 poza tym po\u015bwi\u0119ci\u0107 wi\u0119cej czasu rodzinie i celom pozasportowym. M\u00f3j wiek wymaga te\u017c wi\u0119cej zaanga\u017cowania w przygotowania do start\u00f3w.<br \/>\nKrzysztof Neugebauer, trener kadry narodowej senior\u00f3w i m\u0142odzie\u017cowc\u00f3w podsumowa\u0142 start swoich podopiecznych:<\/p>\n<p>-Zrealizowali\u015bmy program i za\u0142o\u017cenia. My\u015blimy ju\u017c o nast\u0119pnych wyzwaniach, \u017ceby ca\u0142y czas si\u0119 rozwija\u0107. Musimy nadal pracowa\u0107, bo zdobywa\u0107 jest \u0142atwiej ni\u017c broni\u0107. Nie mo\u017cemy popada\u0107 w samozachwyt \u2013 to zatrzymuje rozw\u00f3j \u2013 doda\u0142 Andrzej Zarzeczny, trener kadry PZKT.<\/p>\n<p style=\"text-align: center;\"><strong>Najm\u0142odsi mistrzowie<\/strong><\/p>\n<p>Zawody zako\u0144czy\u0142y si\u0119 wygranym dla Polak\u00f3w towarzyskim meczem kumite pomi\u0119dzy mistrzami \u015bwiata w karate tradycyjnym, a mistrzami Europy karate fudokan \u2013 dru\u017cyn\u0105 z Rumunii.<br \/>\nWspaniale podczas dw\u00f3ch dni zaprezentowali si\u0119 r\u00f3wnie\u017c nasi najm\u0142odsi karatecy, kt\u00f3rzy wystartowali w II Pucharze \u015awiata w Karate Tradycyjnym \u2013 zdobyli prawie wszystkie mistrzowskie miejsca. Polacy rywalizowali tak\u017ce w Mistrzostwach Europy Karate Fudokan oraz w Turnieju Karate Koshiki.<br \/>\nTu\u017c po zawodach 20 mistrz\u00f3w sushi pod wodz\u0105 mistrza \u015bwiata w sushi Alona Thana razem z uczestnikami warsztat\u00f3w u\u0142o\u017cy\u0142o imponuj\u0105c\u0105 mozaik\u0119 z sushi \u2013 8 m na 8 m, bij\u0105c tym samym rekord \u015bwiata. Mozaika, na kt\u00f3r\u0105 z\u0142o\u017cy\u0142o si\u0119 20 tysi\u0119cy porcji, przedstawia\u0142a postacie karatek\u00f3w. Czas mistrzostw to oczywi\u015bcie rywalizacja karatek\u00f3w, ale r\u00f3wnie\u017c bardzo du\u017co dodatkowych atrakcji \u2013 w hali odbywa\u0142y si\u0119 m.in. animacje karate czy warsztaty kaligrafii.<br \/>\nW TAURON Arenie rywalizowali tak\u017ce kibice, kt\u00f3rzy przyjechali do Krakowa z ca\u0142ej Polski. Stworzyli wyj\u0105tkowy, pe\u0142en pozytywnych emocji klimat wielkiego \u015bwi\u0119ta i byli nieocenionym wsparciem dla naszej reprezentacji, a konkurs dla najlepszej dru\u017cyny kibicuj\u0105cej wygra\u0142a dru\u017cyna Dragonsfera z \u0141odzi!<\/p>\n<p style=\"text-align: right;\"><strong>Kinga Wi\u015bniewska<\/strong><\/p>\n<p style=\"text-align: right;\">Polski Zwi\u0105zek Karate<\/p>\n","protected":false},"excerpt":{"rendered":"<p>Przez dwa dni Krak\u00f3w pe\u0142ni\u0142 rol\u0119 stolicy karate \u2013 to tutaj w dniach 14-15 pa\u017adziernika rywalizowali karatecy z 5 kontynent\u00f3w podczas zawod\u00f3w w ramach \u015awiatowego Festiwalu Renesans Karate-do. Mistrzostwa \u015awiata w Karate Tradycyjnym Krak\u00f3w ORLEN 2016, XXIII Mistrzostwa Europy Karate Fudokan, Turniej Karate Koshiki Super Karatedo WGP oraz Puchar \u015awiata Dzieci w Karate Tradycyjnym pod [&hellip;]<\/p>\n","protected":false},"author":2,"featured_media":131,"comment_status":"closed","ping_status":"open","sticky":false,"template":"","format":"standard","meta":{"footnotes":""},"categories":[4],"tags":[],"class_list":["post-130","post","type-post","status-publish","format-standard","has-post-thumbnail","hentry","category-sport"],"_links":{"self":[{"href":"https:\/\/fleschmazowsza.com.pl\/index.php?rest_route=\/wp\/v2\/posts\/130","targetHints":{"allow":["GET"]}}],"collection":[{"href":"https:\/\/fleschmazowsza.com.pl\/index.php?rest_route=\/wp\/v2\/posts"}],"about":[{"href":"https:\/\/fleschmazowsza.com.pl\/index.php?rest_route=\/wp\/v2\/types\/post"}],"author":[{"embeddable":true,"href":"https:\/\/fleschmazowsza.com.pl\/index.php?rest_route=\/wp\/v2\/users\/2"}],"replies":[{"embeddable":true,"href":"https:\/\/fleschmazowsza.com.pl\/index.php?rest_route=%2Fwp%2Fv2%2Fcomments&post=130"}],"version-history":[{"count":1,"href":"https:\/\/fleschmazowsza.com.pl\/index.php?rest_route=\/wp\/v2\/posts\/130\/revisions"}],"predecessor-version":[{"id":132,"href":"https:\/\/fleschmazowsza.com.pl\/index.php?rest_route=\/wp\/v2\/posts\/130\/revisions\/132"}],"wp:featuredmedia":[{"embeddable":true,"href":"https:\/\/fleschmazowsza.com.pl\/index.php?rest_route=\/wp\/v2\/media\/131"}],"wp:attachment":[{"href":"https:\/\/fleschmazowsza.com.pl\/index.php?rest_route=%2Fwp%2Fv2%2Fmedia&parent=130"}],"wp:term":[{"taxonomy":"category","embeddable":true,"href":"https:\/\/fleschmazowsza.com.pl\/index.php?rest_route=%2Fwp%2Fv2%2Fcategories&post=130"},{"taxonomy":"post_tag","embeddable":true,"href":"https:\/\/fleschmazowsza.com.pl\/index.php?rest_route=%2Fwp%2Fv2%2Ftags&post=130"}],"curies":[{"name":"wp","href":"https:\/\/api.w.org\/{rel}","templated":true}]}}