{"id":1295,"date":"2017-05-16T14:31:03","date_gmt":"2017-05-16T13:31:03","guid":{"rendered":"http:\/\/fleschmazowsza.com.pl\/?p=1295"},"modified":"2017-05-16T14:31:03","modified_gmt":"2017-05-16T13:31:03","slug":"wodne-atrakcje-w-pruszkowie","status":"publish","type":"post","link":"https:\/\/fleschmazowsza.com.pl\/?p=1295","title":{"rendered":"Wodne atrakcje w Pruszkowie"},"content":{"rendered":"<p><strong>Trwaj\u0105 przygotowania do sezonu letniego w Pruszkowie. Podczas tegorocznych wakacji mieszka\u0144cy zn\u00f3w b\u0119d\u0105 mogli korzysta\u0107 z wypo\u017cyczalni kajak\u00f3w w Parku Potulickich oraz strze\u017conego k\u0105pieliska w Parku Mazowsze.<\/strong><\/p>\n<p>W\u0142adze miasta kilka sezon\u00f3w temu postanowi\u0142y umo\u017cliwi\u0107 pruszkowianom bezp\u0142atne wynajmowanie kajak\u00f3w podczas letnich weekend\u00f3w. Pomys\u0142 okaza\u0142 si\u0119 strza\u0142em w dziesi\u0105tk\u0119, a wypo\u017cyczalni\u0119 kajak\u00f3w szybko okrzykni\u0119to jedn\u0105 z najbardziej popularnych atrakcji w Pruszkowie.<\/p>\n<p>Nic wi\u0119c dziwnego, \u017ce r\u00f3wnie\u017c w tym roku w\u0142adze miasta zdecydowa\u0142y si\u0119 uruchomi\u0107 bezp\u0142atn\u0105 wypo\u017cyczalni\u0119 sprz\u0119tu w Parku Potulickich. Rozpocz\u0119cie sezonu planowane jest na pocz\u0105tek czerwca. Jednak niewykluczone, \u017ce kajaki pojawi\u0105 si\u0119 w Parku Potulickich jeszcze w maju.<\/p>\n<p>Wszystko zale\u017ce\u0107 b\u0119dzie od pogody oraz sprawnego zako\u0144czenia procedur przetargowych. W\u0142adze miasta w tym roku postanowi\u0142y bowiem zrezygnowa\u0107 z us\u0142ug zewn\u0119trznej firmy wypo\u017cyczaj\u0105cej sprz\u0119t wodny i zakupi\u0107 kajaki.<\/p>\n<p>&#8211; Dzi\u0119ki temu b\u0119dzie zwi\u0119kszona dost\u0119pno\u015b\u0107 kajak\u00f3w, by\u0107 mo\u017ce nie tylko w weekedny. Raz w miesi\u0105cu b\u0119dziemy te\u017c organizowa\u0107 p\u0142ywanie dla senior\u00f3w \u2013 m\u00f3wi Jacek El\u017canowski, Dyrektor Miejskiej Krytej P\u0142ywalni \u201eKapry\u201d.<\/p>\n<p>Wkr\u00f3tce rozpoczn\u0105 si\u0119 tak\u017ce przygotowania do otwarcia strze\u017conego k\u0105pieliska w Parku Mazowsze. Podobnie jak w ubieg\u0142ym roku, w wodzie zostan\u0105 umieszczone boje, a o bezpiecze\u0144stwo p\u0142ywak\u00f3w b\u0119d\u0105 dbali ratownicy z p\u0142ywalni \u201eKapry\u201d.<\/p>\n<p>Dodatkowo na terenie Parku Mazowsze powstanie zaplecze k\u0105pielowe z sanitariatami i pawilon medyczny, w kt\u00f3rym w razie konieczno\u015bci b\u0119dzie mo\u017cna uzyska\u0107 pomoc. Jak zapewniaj\u0105 organizatorzy, wkr\u00f3tce zostan\u0105 wykonane pierwsze wst\u0119pne badania wody, modernizacja pla\u017cy i pog\u0142\u0119bienie brzegu. Wszystko po to, by k\u0105pielisko mog\u0142o ruszy\u0107 jeszcze przed wakacjami.<\/p>\n<p style=\"text-align: right;\"><strong>Kinga Rochalska<\/strong><\/p>\n","protected":false},"excerpt":{"rendered":"<p>Trwaj\u0105 przygotowania do sezonu letniego w Pruszkowie. Podczas tegorocznych wakacji mieszka\u0144cy zn\u00f3w b\u0119d\u0105 mogli korzysta\u0107 z wypo\u017cyczalni kajak\u00f3w w Parku Potulickich oraz strze\u017conego k\u0105pieliska w Parku Mazowsze. W\u0142adze miasta kilka sezon\u00f3w temu postanowi\u0142y umo\u017cliwi\u0107 pruszkowianom bezp\u0142atne wynajmowanie kajak\u00f3w podczas letnich weekend\u00f3w. Pomys\u0142 okaza\u0142 si\u0119 strza\u0142em w dziesi\u0105tk\u0119, a wypo\u017cyczalni\u0119 kajak\u00f3w szybko okrzykni\u0119to jedn\u0105 z najbardziej [&hellip;]<\/p>\n","protected":false},"author":2,"featured_media":1296,"comment_status":"closed","ping_status":"open","sticky":false,"template":"","format":"standard","meta":{"footnotes":""},"categories":[8],"tags":[],"class_list":["post-1295","post","type-post","status-publish","format-standard","has-post-thumbnail","hentry","category-roznosci"],"_links":{"self":[{"href":"https:\/\/fleschmazowsza.com.pl\/index.php?rest_route=\/wp\/v2\/posts\/1295","targetHints":{"allow":["GET"]}}],"collection":[{"href":"https:\/\/fleschmazowsza.com.pl\/index.php?rest_route=\/wp\/v2\/posts"}],"about":[{"href":"https:\/\/fleschmazowsza.com.pl\/index.php?rest_route=\/wp\/v2\/types\/post"}],"author":[{"embeddable":true,"href":"https:\/\/fleschmazowsza.com.pl\/index.php?rest_route=\/wp\/v2\/users\/2"}],"replies":[{"embeddable":true,"href":"https:\/\/fleschmazowsza.com.pl\/index.php?rest_route=%2Fwp%2Fv2%2Fcomments&post=1295"}],"version-history":[{"count":1,"href":"https:\/\/fleschmazowsza.com.pl\/index.php?rest_route=\/wp\/v2\/posts\/1295\/revisions"}],"predecessor-version":[{"id":1297,"href":"https:\/\/fleschmazowsza.com.pl\/index.php?rest_route=\/wp\/v2\/posts\/1295\/revisions\/1297"}],"wp:featuredmedia":[{"embeddable":true,"href":"https:\/\/fleschmazowsza.com.pl\/index.php?rest_route=\/wp\/v2\/media\/1296"}],"wp:attachment":[{"href":"https:\/\/fleschmazowsza.com.pl\/index.php?rest_route=%2Fwp%2Fv2%2Fmedia&parent=1295"}],"wp:term":[{"taxonomy":"category","embeddable":true,"href":"https:\/\/fleschmazowsza.com.pl\/index.php?rest_route=%2Fwp%2Fv2%2Fcategories&post=1295"},{"taxonomy":"post_tag","embeddable":true,"href":"https:\/\/fleschmazowsza.com.pl\/index.php?rest_route=%2Fwp%2Fv2%2Ftags&post=1295"}],"curies":[{"name":"wp","href":"https:\/\/api.w.org\/{rel}","templated":true}]}}