{"id":1288,"date":"2017-05-16T14:13:50","date_gmt":"2017-05-16T13:13:50","guid":{"rendered":"http:\/\/fleschmazowsza.com.pl\/?p=1288"},"modified":"2017-05-16T14:13:50","modified_gmt":"2017-05-16T13:13:50","slug":"rozpocznie-sie-przebudowa-zelaznej-trasy","status":"publish","type":"post","link":"https:\/\/fleschmazowsza.com.pl\/?p=1288","title":{"rendered":"Rozpocznie si\u0119 przebudowa \u017celaznej trasy"},"content":{"rendered":"<p><strong>Od maja rozpoczynaj\u0105 si\u0119 wielomiesi\u0119czne utrudnienia dla pasa\u017cer\u00f3w PKP. Jednak kolejarze zapewniaj\u0105, \u017ce przebudowa trasy jest niezb\u0119dna, aby usprawni\u0107 komunikacj\u0119. Warto wi\u0119c uzbroi\u0107 si\u0119 w cierpliwo\u015b\u0107.<\/strong><\/p>\n<p>Przygotowanie do przebudowy rozpocz\u0119\u0142o si\u0119 4 maja.<\/p>\n<p>Prace obejm\u0105 przej\u015bcia podziemne na przystankach: Brwin\u00f3w, Milan\u00f3wek, Piast\u00f3w, Warszawa Ursus i Warszawa W\u0142ochy. W Parzniewie, po\u0142o\u017conym w gminie Brwin\u00f3w, rozpocznie si\u0119 budowa nowego przystanku, a w Brwinowie zostanie zbudowane nowe przej\u015bcie pieszo \u2013 rowerowe ( przy ulicach Przejazd i Sportowej).<\/p>\n<p>Jak m\u00f3wi\u0142 rzecznik prasowy PKP PLK SA, Karol Jakubowski, kluczowy etap modernizacji linii podmiejskiej zaplanowano dopiero od wrze\u015bnia, a zmiany te \u0142\u0105cz\u0105 si\u0119 z wprowadzeniem zast\u0119pczej komunikacji autobusowej na 12 miesi\u0119cy. Jak twierdz\u0105 w\u0142odarze okolicznych gmin, b\u0119dzie obowi\u0105zywa\u0142a zast\u0119pcza komunikacja autobusowa, kt\u00f3ra usprawni przejazdy.<\/p>\n<p>Jak wiadomo, dopiero od wrze\u015bnia wykonawca zamknie szlak do Grodziska i przyst\u0105pi do gruntownej przebudowy tor\u00f3w, sieci trakcyjnej, urz\u0105dze\u0144 sterowania ruchem kolejowym i infrastruktury pasa\u017cerskiej. Wstrzymanie linii jest konieczne, aby uko\u0144czy\u0107 prace o kilka miesi\u0119cy wcze\u015bniej.<\/p>\n<p>Na 22 kilometrach odcinku dwutorowej trasy z Warszawy W\u0142ochy do Grodziska Mazowieckiego wymienione zostan\u0105 szyny, podk\u0142ady, ca\u0142a sie\u0107 trakcyjna i 15 rozjazd\u00f3w. Dzi\u0119ki modernizacji komfort podr\u00f3\u017cy b\u0119dzie znacznie lepszy, a nowo powsta\u0142e perony zostan\u0105 dostosowane do potrzeb os\u00f3b niepe\u0142nosprawnych. Tak\u017ce pr\u0119dko\u015b\u0107 poci\u0105g\u00f3w zwi\u0119kszy si\u0119 z 80 km\/h do 120 km\/h. Prace powinny zako\u0144czy\u0107 si\u0119 jesieni\u0105 2018 roku, a ca\u0142a inwestycja wyniesie oko\u0142o 300 mln z\u0142otych.<\/p>\n<p style=\"text-align: right;\">Tekst i foto:<\/p>\n<p style=\"text-align: right;\"><strong>Daria G\u0142owacka<\/strong><\/p>\n","protected":false},"excerpt":{"rendered":"<p>Od maja rozpoczynaj\u0105 si\u0119 wielomiesi\u0119czne utrudnienia dla pasa\u017cer\u00f3w PKP. Jednak kolejarze zapewniaj\u0105, \u017ce przebudowa trasy jest niezb\u0119dna, aby usprawni\u0107 komunikacj\u0119. Warto wi\u0119c uzbroi\u0107 si\u0119 w cierpliwo\u015b\u0107. Przygotowanie do przebudowy rozpocz\u0119\u0142o si\u0119 4 maja. Prace obejm\u0105 przej\u015bcia podziemne na przystankach: Brwin\u00f3w, Milan\u00f3wek, Piast\u00f3w, Warszawa Ursus i Warszawa W\u0142ochy. W Parzniewie, po\u0142o\u017conym w gminie Brwin\u00f3w, rozpocznie si\u0119 [&hellip;]<\/p>\n","protected":false},"author":2,"featured_media":1007,"comment_status":"closed","ping_status":"open","sticky":false,"template":"","format":"standard","meta":{"footnotes":""},"categories":[5],"tags":[],"class_list":["post-1288","post","type-post","status-publish","format-standard","has-post-thumbnail","hentry","category-wiadomosci"],"_links":{"self":[{"href":"https:\/\/fleschmazowsza.com.pl\/index.php?rest_route=\/wp\/v2\/posts\/1288","targetHints":{"allow":["GET"]}}],"collection":[{"href":"https:\/\/fleschmazowsza.com.pl\/index.php?rest_route=\/wp\/v2\/posts"}],"about":[{"href":"https:\/\/fleschmazowsza.com.pl\/index.php?rest_route=\/wp\/v2\/types\/post"}],"author":[{"embeddable":true,"href":"https:\/\/fleschmazowsza.com.pl\/index.php?rest_route=\/wp\/v2\/users\/2"}],"replies":[{"embeddable":true,"href":"https:\/\/fleschmazowsza.com.pl\/index.php?rest_route=%2Fwp%2Fv2%2Fcomments&post=1288"}],"version-history":[{"count":2,"href":"https:\/\/fleschmazowsza.com.pl\/index.php?rest_route=\/wp\/v2\/posts\/1288\/revisions"}],"predecessor-version":[{"id":1291,"href":"https:\/\/fleschmazowsza.com.pl\/index.php?rest_route=\/wp\/v2\/posts\/1288\/revisions\/1291"}],"wp:featuredmedia":[{"embeddable":true,"href":"https:\/\/fleschmazowsza.com.pl\/index.php?rest_route=\/wp\/v2\/media\/1007"}],"wp:attachment":[{"href":"https:\/\/fleschmazowsza.com.pl\/index.php?rest_route=%2Fwp%2Fv2%2Fmedia&parent=1288"}],"wp:term":[{"taxonomy":"category","embeddable":true,"href":"https:\/\/fleschmazowsza.com.pl\/index.php?rest_route=%2Fwp%2Fv2%2Fcategories&post=1288"},{"taxonomy":"post_tag","embeddable":true,"href":"https:\/\/fleschmazowsza.com.pl\/index.php?rest_route=%2Fwp%2Fv2%2Ftags&post=1288"}],"curies":[{"name":"wp","href":"https:\/\/api.w.org\/{rel}","templated":true}]}}