{"id":1285,"date":"2017-05-16T14:09:26","date_gmt":"2017-05-16T13:09:26","guid":{"rendered":"http:\/\/fleschmazowsza.com.pl\/?p=1285"},"modified":"2017-05-16T14:09:26","modified_gmt":"2017-05-16T13:09:26","slug":"szansa-na-normalne-zycie","status":"publish","type":"post","link":"https:\/\/fleschmazowsza.com.pl\/?p=1285","title":{"rendered":"Szansa na normalne \u017cycie"},"content":{"rendered":"<p><strong>Uzale\u017cnienia \u2013 od alkoholu, narkotyk\u00f3w, lek\u00f3w i innych substancji psychoaktywnych, od hazardu \u2013 s\u0105 powa\u017cnym problemem naszych czas\u00f3w. Warto wi\u0119c wiedzie\u0107, \u017ce w Ursusie istnieje ceniony przez pacjent\u00f3w o\u015brodek, w kt\u00f3rym mo\u017cemy otrzyma\u0107 skuteczn\u0105 i bezp\u0142atn\u0105 pomoc, je\u017celi problem uzale\u017cnienia dotyczy nas, naszej rodziny, przyjaci\u00f3\u0142 lub znajomych.<\/strong><\/p>\n<p>Na leczenie w O\u015brodku \u201eVicti\u201d zg\u0142aszaj\u0105 si\u0119 pacjenci nie tylko z Ursusa i okolic, wielu przyje\u017cd\u017ca r\u00f3wnie\u017c z Bemowa i z drugiej strony Wis\u0142y. Osoby uzale\u017cnione od alkoholu cz\u0119sto staraj\u0105 si\u0119 ukry\u0107 fakt, \u017ce podj\u0119\u0142y leczenie odwykowe, wi\u0119c szukaj\u0105 plac\u00f3wki daleko od domu. W toku terapii zmieniaj\u0105 nastawienie, ale przywi\u0105zuj\u0105 si\u0119 do koleg\u00f3w z grupy, do terapeut\u00f3w i nie chc\u0105 zmienia\u0107 o\u015brodka.<\/p>\n<p>&#8211; Pacjenci te\u017c do nas wracaj\u0105, jak s\u0105 trudne sytuacje dla nich, \u017cyciowo trudne. Czy powiedzmy, ju\u017c nie pij\u0105 2-3 lata i potem znowu zaniedbali si\u0119 i wr\u00f3cili do picia. Wracaj\u0105 do nas, czyli ta plac\u00f3wka powoduje, \u017ce oni maj\u0105 tutaj poczucie bezpiecze\u0144stwa, jakie\u015b zaufanie, to jest istotne. \u2013 opowiada terapeutka uzale\u017cnie\u0144 Hanna Ostrowska-Biskot.<\/p>\n<p style=\"text-align: center;\"><strong>Opcja p\u0142atna odpada<\/strong><\/p>\n<p>Leczenie odwykowe w O\u015brodku \u201eVicti\u201d jest finansowane z NFZ. Opcja p\u0142atna nie zda\u0142aby egzaminu i takiej nie proponuje si\u0119 pacjentom, chyba, \u017ce sami o ni\u0105 spytaj\u0105.<\/p>\n<p>&#8211; Dlatego, \u017ce zwykle osoby uzale\u017cnione czy rodziny dotkni\u0119te uzale\u017cnieniem, cz\u0119sto, nie zawsze, s\u0105 dotkni\u0119te mas\u0105 problem\u00f3w finansowych. My zdajemy sobie spraw\u0119 z ogromnych trudno\u015bci, deficyt\u00f3w finansowych z jakimi si\u0119 zg\u0142aszaj\u0105. \u2013 wyja\u015bnia kierowniczka o\u015brodka Justyna Pozna\u0144ska.<\/p>\n<p>Rozpocz\u0119cie leczenia cz\u0119sto nie jest mo\u017cliwe natychmiast, poniewa\u017c ilo\u015b\u0107 ch\u0119tnych przekracza ustalony limit refundowany z Funduszu. Terminy oczekiwania bywaj\u0105 d\u0142u\u017csze, jednak opieka nad pacjentem rozpoczyna si\u0119 ju\u017c w momencie rejestracji.<\/p>\n<p>&#8211; Recepcja te\u017c jest takim miejscem, kt\u00f3re si\u0119 opiekuje pacjentem. Zawsze jest brany od pacjenta telefon, \u017ce gdyby wcze\u015bniej si\u0119 zwolni\u0142o miejsce, to natychmiast powiadamiamy. \u2013 m\u00f3wi Hanna Ostrowska-Biskot.<\/p>\n<p>Co wi\u0119cej, zg\u0142aszaj\u0105cy si\u0119 pacjenci informowani s\u0105, \u017ce na pewno znajd\u0105 si\u0119 pod opiek\u0105, trzeba tylko poczeka\u0107.<\/p>\n<p>&#8211; Wi\u0119c nie ma nigdy odmowy przyj\u0119cia pacjenta \u2013 potwierdza Justyna Pozna\u0144ska.<\/p>\n<p style=\"text-align: center;\"><strong>Najpierw diagnoza<\/strong><\/p>\n<p>Leczenia poprzedzone jest diagnoz\u0105, przeprowadzan\u0105 przez lekarza psychiatr\u0119 w Poradni Leczenia Uzale\u017cnie\u0144. Nast\u0119pnie na sesj\u0119 diagnostyczn\u0105 zaprasza pacjenta r\u00f3wnie\u017c psychoterapeuta uzale\u017cnie\u0144.<\/p>\n<p>Bywa tak, \u017ce pacjent nie dostrzega u siebie uzale\u017cnienia, jednak zg\u0142asza si\u0119 do Poradni Zdrowia Psychicznego, i tam dopiero dowiaduje si\u0119, \u017ce przyczyn\u0105 jego problem\u00f3w jest uzale\u017cnienie.<\/p>\n<p>&#8211; Bo pacjenci nasi s\u0105 cz\u0119sto w oporze: \u017ce mam problem, ale mo\u017ce nie do ko\u0144ca \u2013 wyja\u015bnia Hanna Ostrowska-Biskot.<\/p>\n<p style=\"text-align: center;\"><strong>Lecz\u0105ca terapia grupowa<\/strong><\/p>\n<p>Pacjenci wymagaj\u0105cy systematycznego leczenia przyjmowani s\u0105 do Dziennego O\u015brodka Terapii Uzale\u017cnie\u0144, na okres 10-ciu tygodni. Terapia ma charakter grupowy, przez 5 dni w tygodniu, od godziny 9 rano do 16-tej, z przerw\u0105 na ciep\u0142y posi\u0142ek, pacjenci ucz\u0105 si\u0119 pod okiem terapeuty, jak zmieni\u0107 swoje zachowania, je\u015bli chc\u0105 \u017cy\u0107 bez alkoholu, narkotyk\u00f3w czy lek\u00f3w.<\/p>\n<p>&#8211; Tak jak w cukrzycy, cukrzyk te\u017c dostaje pewne zalecenia od lekarza. Albo je realizuje, albo ignoruje. Tak samo jest we wszystkich chorobach przewlek\u0142ych. Ale mo\u017cna mie\u0107 fajne \u017cycie, tylko bior\u0105c pod uwag\u0119 pewne zalecenia. I tak samo nasi pacjenci \u2013 t\u0142umaczy Hanna Ostrowska-Biskot.<\/p>\n<p>Po uko\u0144czeniu programu podstawowego w Dziennym O\u015brodku Terapii, pacjenci mog\u0105 bezp\u0142atnie kontynuowa\u0107 leczenie przez kolejne 2 lata \u2013 w ramach indywidualnych sesji terapeutycznych oraz, co najistotniejsze, podczas terapii w grupie dalszego zdrowienia.<\/p>\n<p>&#8211; Terapia grupowa, to jest najbardziej lecz\u0105ce. W gabinecie si\u0119 pacjenta nie wyleczy. Mo\u017cna go zdiagnozowa\u0107, jakie\u015b jego trudne rzeczy, o kt\u00f3rych na forum grupy nie chce m\u00f3wi\u0107, ale lecz\u0105ca jest grupa \u2013 wyja\u015bnia Hanna Ostrowska-Biskot.<\/p>\n<p style=\"text-align: center;\"><strong>Brakuje \u015brodk\u00f3w<\/strong><\/p>\n<p>Pacjenci, kt\u00f3rzy zg\u0142aszaj\u0105 si\u0119 do O\u015brodka, s\u0105 wi\u0119c pod profesjonaln\u0105 opiek\u0105, nie zostawia si\u0119 ich w potrzebie. Jakie s\u0105 natomiast potrzeby samego O\u015brodka? Na co nie starcza \u015brodk\u00f3w z Funduszu?<\/p>\n<p>Problemem jest brak pe\u0142nej oferty odwykowej. O\u015brodek posiada zar\u00f3wno mo\u017cliwo\u015bci kadrowe, jak i lokalowe, aby utworzy\u0107 grup\u0119 dla os\u00f3b wsp\u00f3\u0142uzale\u017cnionych, czyli dla partnerek i partner\u00f3w swoich pacjent\u00f3w. Do O\u015brodka zg\u0142asza si\u0119 r\u00f3wnie\u017c wiele os\u00f3b z pytaniem o mo\u017cliwo\u015b\u0107 uczestniczenia w terapii DDA czyli Doros\u0142ych Dzieci Alkoholik\u00f3w. Niestety w obu przypadkach, pomimo mo\u017cliwo\u015bci organizacyjnych, brakuje \u015brodk\u00f3w z Funduszu.<\/p>\n<p>&#8211; To nie jest \u0142atwa choroba do leczenia, ani do \u017cycia. To si\u0119 przek\u0142ada na wszystko, to si\u0119 przek\u0142ada na bycie ojcem, bycie m\u0119\u017cem, bycie synem, s\u0105siadem, pracownikiem, na ka\u017cd\u0105 rol\u0119 spo\u0142eczn\u0105 jak\u0105 my sprawujemy, to czy kto\u015b pije, czy bierze czy gra. \u2013 podsumowuje Hanna Ostrowska-Biskot.<\/p>\n<p><strong><em>Adres plac\u00f3wki:<\/em><\/strong><\/p>\n<p>Warszawa-Ursus, Plac Czerwca 1976 r. nr 3 (obok Factory)<\/p>\n<p><em>tel. 22\u00a0478 33 00, 669\u00a0200\u00a0600<\/em><\/p>\n<p><a href=\"http:\/\/www.victi.pl\">www.victi.pl<\/a><\/p>\n<p style=\"text-align: right;\">Tekst i foto:<\/p>\n<p style=\"text-align: right;\"><strong>Sylwia Pa\u0144k\u00f3w<\/strong><\/p>\n","protected":false},"excerpt":{"rendered":"<p>Uzale\u017cnienia \u2013 od alkoholu, narkotyk\u00f3w, lek\u00f3w i innych substancji psychoaktywnych, od hazardu \u2013 s\u0105 powa\u017cnym problemem naszych czas\u00f3w. Warto wi\u0119c wiedzie\u0107, \u017ce w Ursusie istnieje ceniony przez pacjent\u00f3w o\u015brodek, w kt\u00f3rym mo\u017cemy otrzyma\u0107 skuteczn\u0105 i bezp\u0142atn\u0105 pomoc, je\u017celi problem uzale\u017cnienia dotyczy nas, naszej rodziny, przyjaci\u00f3\u0142 lub znajomych. Na leczenie w O\u015brodku \u201eVicti\u201d zg\u0142aszaj\u0105 si\u0119 pacjenci [&hellip;]<\/p>\n","protected":false},"author":2,"featured_media":1286,"comment_status":"closed","ping_status":"open","sticky":false,"template":"","format":"standard","meta":{"footnotes":""},"categories":[8],"tags":[],"class_list":["post-1285","post","type-post","status-publish","format-standard","has-post-thumbnail","hentry","category-roznosci"],"_links":{"self":[{"href":"https:\/\/fleschmazowsza.com.pl\/index.php?rest_route=\/wp\/v2\/posts\/1285","targetHints":{"allow":["GET"]}}],"collection":[{"href":"https:\/\/fleschmazowsza.com.pl\/index.php?rest_route=\/wp\/v2\/posts"}],"about":[{"href":"https:\/\/fleschmazowsza.com.pl\/index.php?rest_route=\/wp\/v2\/types\/post"}],"author":[{"embeddable":true,"href":"https:\/\/fleschmazowsza.com.pl\/index.php?rest_route=\/wp\/v2\/users\/2"}],"replies":[{"embeddable":true,"href":"https:\/\/fleschmazowsza.com.pl\/index.php?rest_route=%2Fwp%2Fv2%2Fcomments&post=1285"}],"version-history":[{"count":1,"href":"https:\/\/fleschmazowsza.com.pl\/index.php?rest_route=\/wp\/v2\/posts\/1285\/revisions"}],"predecessor-version":[{"id":1287,"href":"https:\/\/fleschmazowsza.com.pl\/index.php?rest_route=\/wp\/v2\/posts\/1285\/revisions\/1287"}],"wp:featuredmedia":[{"embeddable":true,"href":"https:\/\/fleschmazowsza.com.pl\/index.php?rest_route=\/wp\/v2\/media\/1286"}],"wp:attachment":[{"href":"https:\/\/fleschmazowsza.com.pl\/index.php?rest_route=%2Fwp%2Fv2%2Fmedia&parent=1285"}],"wp:term":[{"taxonomy":"category","embeddable":true,"href":"https:\/\/fleschmazowsza.com.pl\/index.php?rest_route=%2Fwp%2Fv2%2Fcategories&post=1285"},{"taxonomy":"post_tag","embeddable":true,"href":"https:\/\/fleschmazowsza.com.pl\/index.php?rest_route=%2Fwp%2Fv2%2Ftags&post=1285"}],"curies":[{"name":"wp","href":"https:\/\/api.w.org\/{rel}","templated":true}]}}