{"id":1278,"date":"2017-05-08T11:17:42","date_gmt":"2017-05-08T10:17:42","guid":{"rendered":"http:\/\/fleschmazowsza.com.pl\/?p=1278"},"modified":"2017-05-08T11:17:42","modified_gmt":"2017-05-08T10:17:42","slug":"miliony-dla-raszyna","status":"publish","type":"post","link":"https:\/\/fleschmazowsza.com.pl\/?p=1278","title":{"rendered":"Miliony dla Raszyna"},"content":{"rendered":"<p style=\"text-align: left;\"><strong>W\u0142adze wojew\u00f3dztwa mazowieckiego oraz w\u00f3jt Raszyna podpisali umow\u0119, na mocy kt\u00f3rej do gminy trafi kilkana\u015bcie milion\u00f3w z\u0142otych ze \u015brodk\u00f3w Unii Europejskiej. Pieni\u0105dze zostan\u0105 przeznaczone na budow\u0119 \u015bcie\u017cek rowerowych, odnowienie zabytkowej Austerii i odrestaurowanie Zespo\u0142u Pa\u0142acowo\u2013Parkowego w P\u0119cicach.<\/strong><\/p>\n<p>Na pocz\u0105tku kwietnia przedstawiciele samorz\u0105du wojew\u00f3dztwa mazowieckiego oraz Andrzej Zar\u0119ba, w\u00f3jt Raszyna, podpisali dokument potwierdzaj\u0105cy przyznanie finansowania dla gminy. Raszyn i P\u0119cice otrzymaj\u0105 \u0142\u0105cznie 11,3 mln z\u0142 ze \u015brodk\u00f3w Unii Europejskiej.<\/p>\n<p>Pieni\u0105dze zostan\u0105 przeznaczone na budow\u0119 \u015bcie\u017cek rowerowych, renowacj\u0119 i modernizacj\u0119 zabytkowego budynku Austerii i jego adaptacj\u0119 na centrum integracji spo\u0142eczno-kulturalnej, a tak\u017ce kompleksow\u0105 renowacj\u0119 zabytkowego Zespo\u0142u Pa\u0142acowo-Parkowego w P\u0119cicach.<\/p>\n<p style=\"text-align: center;\"><strong>Ponad 7 km \u015bcie\u017cek rowerowych<\/strong><\/p>\n<p>&#8211; Dzi\u0119ki 5,3 mln z\u0142 dotacji w Raszynie oddane zostanie do u\u017cytku ponad 7 km \u015bcie\u017cek rowerowych &#8211; informuje Agnieszka Czachorowska-Jakoniuk z Mazowieckiej Jednostki Wdra\u017cania Program\u00f3w Unijnych.<\/p>\n<p>Rowerzy\u015bci b\u0119d\u0105 mogli z nich korzysta\u0107 ju\u017c w po\u0142owie przysz\u0142ego roku. Nowe \u015bcie\u017cki rowerowe powstan\u0105 w pasie drogowym ulic: Al. Krakowskiej, Raszy\u0144skiej, Warszawskiej, Stadionowej, Nadrzecznej, Pruszkowskiej, Z\u0142ote \u0141any, G\u00f3rnej oraz Al. Krakowskiej na terenie Warszawy.<\/p>\n<p>Trasy te b\u0119d\u0105 tworzy\u0107 sp\u00f3jn\u0105 sie\u0107 transportow\u0105, a tym samym u\u0142atwi\u0105 mieszka\u0144com komunikacj\u0119 rowerow\u0105 na terenie gminy.<\/p>\n<p style=\"text-align: center;\"><strong>Renowacja zabytk\u00f3w<\/strong><\/p>\n<p>Ponad 3,1 mln z\u0142 unijnych \u015brodk\u00f3w zostanie przeznaczonych na renowacj\u0119, modernizacj\u0119 i adaptacj\u0119 na centrum integracji spo\u0142eczno-kulturalnej zabytkowego budynku Austerii mieszcz\u0105cego si\u0119 przy Al. Krakowskiej 1. W odrestaurowanym obiekcie b\u0119d\u0105 odbywa\u0142y si\u0119 imprezy kulturalne, wieczory poetycko-muzyczne, a tak\u017ce spotkania i prelekcje dotycz\u0105ce historii Raszyna.<\/p>\n<p>Finansowe wsparcie otrzyma tak\u017ce inny wa\u017cny zabytek w naszym regionie \u2013 Zesp\u00f3\u0142 Pa\u0142acowo-Parkowy w P\u0119cicach. Fundacja Dw\u00f3r Polski ponad 2,8 mln z\u0142 z unijnych funduszy przeznaczy na kompleksow\u0105 renowacj\u0119 tego zabytku oraz udost\u0119pnienie znajduj\u0105cych si\u0119 w nim zbior\u00f3w.<\/p>\n<p>W Pa\u0142acu powstan\u0105 m.in.: saloniki poezji i muzyczny, ekspozycje sta\u0142e i tymczasowe. B\u0119d\u0105 odbywa\u0142y si\u0119 tu koncerty, recitale muzyczne, widowiska kulturalne, a tak\u017ce aukcje charytatywne.<\/p>\n<p style=\"text-align: right;\"><strong>Kinga Rochalska<\/strong><\/p>\n<p style=\"text-align: right;\"><strong>Fot. www.funduszedlamazowsza.eu<\/strong><\/p>\n","protected":false},"excerpt":{"rendered":"<p>W\u0142adze wojew\u00f3dztwa mazowieckiego oraz w\u00f3jt Raszyna podpisali umow\u0119, na mocy kt\u00f3rej do gminy trafi kilkana\u015bcie milion\u00f3w z\u0142otych ze \u015brodk\u00f3w Unii Europejskiej. Pieni\u0105dze zostan\u0105 przeznaczone na budow\u0119 \u015bcie\u017cek rowerowych, odnowienie zabytkowej Austerii i odrestaurowanie Zespo\u0142u Pa\u0142acowo\u2013Parkowego w P\u0119cicach. Na pocz\u0105tku kwietnia przedstawiciele samorz\u0105du wojew\u00f3dztwa mazowieckiego oraz Andrzej Zar\u0119ba, w\u00f3jt Raszyna, podpisali dokument potwierdzaj\u0105cy przyznanie finansowania dla [&hellip;]<\/p>\n","protected":false},"author":2,"featured_media":1279,"comment_status":"closed","ping_status":"open","sticky":false,"template":"","format":"standard","meta":{"footnotes":""},"categories":[5],"tags":[],"class_list":["post-1278","post","type-post","status-publish","format-standard","has-post-thumbnail","hentry","category-wiadomosci"],"_links":{"self":[{"href":"https:\/\/fleschmazowsza.com.pl\/index.php?rest_route=\/wp\/v2\/posts\/1278","targetHints":{"allow":["GET"]}}],"collection":[{"href":"https:\/\/fleschmazowsza.com.pl\/index.php?rest_route=\/wp\/v2\/posts"}],"about":[{"href":"https:\/\/fleschmazowsza.com.pl\/index.php?rest_route=\/wp\/v2\/types\/post"}],"author":[{"embeddable":true,"href":"https:\/\/fleschmazowsza.com.pl\/index.php?rest_route=\/wp\/v2\/users\/2"}],"replies":[{"embeddable":true,"href":"https:\/\/fleschmazowsza.com.pl\/index.php?rest_route=%2Fwp%2Fv2%2Fcomments&post=1278"}],"version-history":[{"count":1,"href":"https:\/\/fleschmazowsza.com.pl\/index.php?rest_route=\/wp\/v2\/posts\/1278\/revisions"}],"predecessor-version":[{"id":1280,"href":"https:\/\/fleschmazowsza.com.pl\/index.php?rest_route=\/wp\/v2\/posts\/1278\/revisions\/1280"}],"wp:featuredmedia":[{"embeddable":true,"href":"https:\/\/fleschmazowsza.com.pl\/index.php?rest_route=\/wp\/v2\/media\/1279"}],"wp:attachment":[{"href":"https:\/\/fleschmazowsza.com.pl\/index.php?rest_route=%2Fwp%2Fv2%2Fmedia&parent=1278"}],"wp:term":[{"taxonomy":"category","embeddable":true,"href":"https:\/\/fleschmazowsza.com.pl\/index.php?rest_route=%2Fwp%2Fv2%2Fcategories&post=1278"},{"taxonomy":"post_tag","embeddable":true,"href":"https:\/\/fleschmazowsza.com.pl\/index.php?rest_route=%2Fwp%2Fv2%2Ftags&post=1278"}],"curies":[{"name":"wp","href":"https:\/\/api.w.org\/{rel}","templated":true}]}}