{"id":1275,"date":"2017-05-08T11:04:49","date_gmt":"2017-05-08T10:04:49","guid":{"rendered":"http:\/\/fleschmazowsza.com.pl\/?p=1275"},"modified":"2017-05-08T11:04:49","modified_gmt":"2017-05-08T10:04:49","slug":"z-kresow-przez-mandzurie-do-wolnej-polski","status":"publish","type":"post","link":"https:\/\/fleschmazowsza.com.pl\/?p=1275","title":{"rendered":"Z Kres\u00f3w przez Mand\u017curi\u0119 do Wolnej Polski"},"content":{"rendered":"<p><strong>13 maja, w sobot\u0119, o godzinie 17:00 Muzeum Dulag 121 zaprasza na kolejne spotkanie z cyklu <em>Nasze Korzenie<\/em> zatytu\u0142owane \u201eZ Kres\u00f3w przez Mand\u017curi\u0119 do Wolnej Polski\u201d. Go\u015bciem spotkania b\u0119dzie Andrzej Piotr Lesiecki, kt\u00f3ry opowie o niezwyk\u0142ych losach swojej rodziny oraz wydarzeniach historycznych, kt\u00f3re sta\u0142y si\u0119 jej udzia\u0142em podczas pobytu na Dalekim Wschodzie.\u00a0<\/strong><\/p>\n<p>Atrakcj\u0105 spotkania b\u0119dzie pokaz slajd\u00f3w, podczas kt\u00f3rego Andrzej Piotr Lesiecki zaprezentuje genealogiczne spojrzenie na rodzin\u0119 Lesieckich herbu Na\u0142\u0119cz ukazuj\u0105c jej dzieje od XV wieku, kiedy to zamieszkiwa\u0142a na Lubelszczy\u017anie i dalsze, na Wo\u0142yniu, gdzie rodzina osiad\u0142a na prze\u0142omie XVIII i XIX wieku. Us\u0142yszymy r\u00f3wnie\u017c o roli, jak\u0105 Lesieccy odegrali podczas budowy Wschodniochi\u0144skiej Linii Kolejowej w Mand\u017curii w latach 1898-1903, a tak\u017ce o \u017cyciu rodziny, kt\u00f3ra mieszka\u0142a w Harbinie (dawniej Charbinie) a\u017c do 1921 roku. Prowadz\u0105cy spotkanie opowie r\u00f3wnie\u017c o powrocie rodziny Lesieckich do wolnej Polski w latach 20. XX wieku oraz czasach okupacji niemieckiej i Powstania Warszawskiego, podczas kt\u00f3rego cz\u0119\u015b\u0107 rodziny Lesieckich zosta\u0142a wyp\u0119dzona z Warszawy i znalaz\u0142a si\u0119 w obozie Dulag 121. Na spotkaniu zaprezentowane zostan\u0105 m.in.: listy J\u00f3zefa Dawida Lesieckiego z roku 1901, a tak\u017ce pami\u0119tniki Wiktora Lesieckiego ukazuj\u0105ce jego dzieci\u0144stwo i lata szkolne w mand\u017curskim Harbinie do roku 1921. Zapraszamy serdecznie na spotkanie. Wst\u0119p wolny.<\/p>\n<p><strong>Andrzej Piotr Lesiecki<\/strong> (ur. 1938 w Warszawie) \u2013 \u015bwiadek historii obozu przej\u015bciowego Dulag 121. Absolwent Wydzia\u0142u Farmaceutycznego Akademii Medycznej w Warszawie &#8211; kierunek zielarski. Wiceprzewodnicz\u0105cy Zarz\u0105du Polskiego Towarzystwa Aromaterapeutycznego. Cz\u0142onek Ko\u0142a Na\u0142\u0119cz\u00f3w. Pasjonat, znawca i mi\u0142o\u015bnik historii oraz genealogii. Propagator medycyny naturalnej.<\/p>\n","protected":false},"excerpt":{"rendered":"<p>13 maja, w sobot\u0119, o godzinie 17:00 Muzeum Dulag 121 zaprasza na kolejne spotkanie z cyklu Nasze Korzenie zatytu\u0142owane \u201eZ Kres\u00f3w przez Mand\u017curi\u0119 do Wolnej Polski\u201d. Go\u015bciem spotkania b\u0119dzie Andrzej Piotr Lesiecki, kt\u00f3ry opowie o niezwyk\u0142ych losach swojej rodziny oraz wydarzeniach historycznych, kt\u00f3re sta\u0142y si\u0119 jej udzia\u0142em podczas pobytu na Dalekim Wschodzie.\u00a0 Atrakcj\u0105 spotkania b\u0119dzie [&hellip;]<\/p>\n","protected":false},"author":2,"featured_media":1276,"comment_status":"closed","ping_status":"open","sticky":false,"template":"","format":"standard","meta":{"footnotes":""},"categories":[6],"tags":[],"class_list":["post-1275","post","type-post","status-publish","format-standard","has-post-thumbnail","hentry","category-kultura"],"_links":{"self":[{"href":"https:\/\/fleschmazowsza.com.pl\/index.php?rest_route=\/wp\/v2\/posts\/1275","targetHints":{"allow":["GET"]}}],"collection":[{"href":"https:\/\/fleschmazowsza.com.pl\/index.php?rest_route=\/wp\/v2\/posts"}],"about":[{"href":"https:\/\/fleschmazowsza.com.pl\/index.php?rest_route=\/wp\/v2\/types\/post"}],"author":[{"embeddable":true,"href":"https:\/\/fleschmazowsza.com.pl\/index.php?rest_route=\/wp\/v2\/users\/2"}],"replies":[{"embeddable":true,"href":"https:\/\/fleschmazowsza.com.pl\/index.php?rest_route=%2Fwp%2Fv2%2Fcomments&post=1275"}],"version-history":[{"count":1,"href":"https:\/\/fleschmazowsza.com.pl\/index.php?rest_route=\/wp\/v2\/posts\/1275\/revisions"}],"predecessor-version":[{"id":1277,"href":"https:\/\/fleschmazowsza.com.pl\/index.php?rest_route=\/wp\/v2\/posts\/1275\/revisions\/1277"}],"wp:featuredmedia":[{"embeddable":true,"href":"https:\/\/fleschmazowsza.com.pl\/index.php?rest_route=\/wp\/v2\/media\/1276"}],"wp:attachment":[{"href":"https:\/\/fleschmazowsza.com.pl\/index.php?rest_route=%2Fwp%2Fv2%2Fmedia&parent=1275"}],"wp:term":[{"taxonomy":"category","embeddable":true,"href":"https:\/\/fleschmazowsza.com.pl\/index.php?rest_route=%2Fwp%2Fv2%2Fcategories&post=1275"},{"taxonomy":"post_tag","embeddable":true,"href":"https:\/\/fleschmazowsza.com.pl\/index.php?rest_route=%2Fwp%2Fv2%2Ftags&post=1275"}],"curies":[{"name":"wp","href":"https:\/\/api.w.org\/{rel}","templated":true}]}}