{"id":1253,"date":"2017-04-28T14:44:50","date_gmt":"2017-04-28T13:44:50","guid":{"rendered":"http:\/\/fleschmazowsza.com.pl\/?p=1253"},"modified":"2017-04-28T14:44:50","modified_gmt":"2017-04-28T13:44:50","slug":"sokole-przewagi","status":"publish","type":"post","link":"https:\/\/fleschmazowsza.com.pl\/?p=1253","title":{"rendered":"Sokole przewagi"},"content":{"rendered":"<p><strong>Towarzystwo Gimnastyczne \u201eSok\u00f3\u0142\u201d 22 \u2013 23 kwietnia \u015bwi\u0119towa\u0142o 90 rocznic\u0119 istnienia na terenie Brwinowa. Zbieg\u0142o si\u0119 to z inauguracj\u0105 roku po\u015bwi\u0119conego druhowi Ignacemu Kozielewskiemu \u2013 patronowi brwinowskiego gniazda, tw\u00f3rcy hymnu harcerskiego \u201eWszystko co nasze\u201d, brwinowianina rodem.<\/strong><\/p>\n<p>W sobot\u0119 by\u0142a cz\u0119\u015b\u0107 oficjalna \u2013 prelekcje historyczne, msza \u015bwi\u0119ta, jednak nie zabrak\u0142o akcent\u00f3w sportowych \u2013 zorganizowane zosta\u0142y kameralne turnieje m.in. w siatk\u00f3wce, pi\u0142ce no\u017cnej. Wieczorem druhowie spotkali si\u0119 w \u201eZagrodzie\u201d przy wsp\u00f3lnym ognisku.<\/p>\n<p>Niedziela \u2013 to ju\u017c wy\u0142\u0105cznie dominacja kultury fizycznej a konkretnie: biegu na 5 km imienia Ignacego Kozielewskiego. Na starcie stan\u0119\u0142o czterdzie\u015bcioro zawodniczek i zawodnik\u00f3w. W\u015br\u00f3d m\u0119\u017cczyzn zwyci\u0119\u017cy\u0142 Wawrzyniec Pawski z czasem 16.27.00, o pi\u0119\u0107 sekund wyprzedzaj\u0105c Konrada Tabera. Trzeci na mecie Marcin Klimkiewicz osi\u0105gn\u0105\u0142 r\u00f3wne siedemna\u015bcie minut.<\/p>\n<p>W\u015br\u00f3d pa\u0144 zwyci\u0119\u017cy\u0142a Anna Szewczykowska z czasem 18.57.00, przed Anet\u0105 Sobieraj (19.34.00). Trzecia na mecie by\u0142a Marta Oracka z czasem 21.57.00.<\/p>\n<p style=\"text-align: right;\"><strong>kf<\/strong><\/p>\n","protected":false},"excerpt":{"rendered":"<p>Towarzystwo Gimnastyczne \u201eSok\u00f3\u0142\u201d 22 \u2013 23 kwietnia \u015bwi\u0119towa\u0142o 90 rocznic\u0119 istnienia na terenie Brwinowa. Zbieg\u0142o si\u0119 to z inauguracj\u0105 roku po\u015bwi\u0119conego druhowi Ignacemu Kozielewskiemu \u2013 patronowi brwinowskiego gniazda, tw\u00f3rcy hymnu harcerskiego \u201eWszystko co nasze\u201d, brwinowianina rodem. W sobot\u0119 by\u0142a cz\u0119\u015b\u0107 oficjalna \u2013 prelekcje historyczne, msza \u015bwi\u0119ta, jednak nie zabrak\u0142o akcent\u00f3w sportowych \u2013 zorganizowane zosta\u0142y kameralne [&hellip;]<\/p>\n","protected":false},"author":2,"featured_media":1254,"comment_status":"closed","ping_status":"open","sticky":false,"template":"","format":"standard","meta":{"footnotes":""},"categories":[4,5],"tags":[],"class_list":["post-1253","post","type-post","status-publish","format-standard","has-post-thumbnail","hentry","category-sport","category-wiadomosci"],"_links":{"self":[{"href":"https:\/\/fleschmazowsza.com.pl\/index.php?rest_route=\/wp\/v2\/posts\/1253","targetHints":{"allow":["GET"]}}],"collection":[{"href":"https:\/\/fleschmazowsza.com.pl\/index.php?rest_route=\/wp\/v2\/posts"}],"about":[{"href":"https:\/\/fleschmazowsza.com.pl\/index.php?rest_route=\/wp\/v2\/types\/post"}],"author":[{"embeddable":true,"href":"https:\/\/fleschmazowsza.com.pl\/index.php?rest_route=\/wp\/v2\/users\/2"}],"replies":[{"embeddable":true,"href":"https:\/\/fleschmazowsza.com.pl\/index.php?rest_route=%2Fwp%2Fv2%2Fcomments&post=1253"}],"version-history":[{"count":1,"href":"https:\/\/fleschmazowsza.com.pl\/index.php?rest_route=\/wp\/v2\/posts\/1253\/revisions"}],"predecessor-version":[{"id":1255,"href":"https:\/\/fleschmazowsza.com.pl\/index.php?rest_route=\/wp\/v2\/posts\/1253\/revisions\/1255"}],"wp:featuredmedia":[{"embeddable":true,"href":"https:\/\/fleschmazowsza.com.pl\/index.php?rest_route=\/wp\/v2\/media\/1254"}],"wp:attachment":[{"href":"https:\/\/fleschmazowsza.com.pl\/index.php?rest_route=%2Fwp%2Fv2%2Fmedia&parent=1253"}],"wp:term":[{"taxonomy":"category","embeddable":true,"href":"https:\/\/fleschmazowsza.com.pl\/index.php?rest_route=%2Fwp%2Fv2%2Fcategories&post=1253"},{"taxonomy":"post_tag","embeddable":true,"href":"https:\/\/fleschmazowsza.com.pl\/index.php?rest_route=%2Fwp%2Fv2%2Ftags&post=1253"}],"curies":[{"name":"wp","href":"https:\/\/api.w.org\/{rel}","templated":true}]}}