{"id":1246,"date":"2017-04-28T14:36:38","date_gmt":"2017-04-28T13:36:38","guid":{"rendered":"http:\/\/fleschmazowsza.com.pl\/?p=1246"},"modified":"2017-04-28T14:36:38","modified_gmt":"2017-04-28T13:36:38","slug":"dyskretny-final-2","status":"publish","type":"post","link":"https:\/\/fleschmazowsza.com.pl\/?p=1246","title":{"rendered":"Dyskretny fina\u0142"},"content":{"rendered":"<p><strong>Praktycznie bez jakiegokolwiek rozg\u0142osu odby\u0142 si\u0119 w niedziel\u0119 23 kwietnia trzeci turniej DPD Wojew\u00f3dzkiej Ligi Karate Tradycyjnego. Reklama zreszt\u0105 nie by\u0142a zupe\u0142nie potrzebna: do Milan\u00f3wka przyjecha\u0142o blisko czterystu zawodnik\u00f3w reprezentuj\u0105cych barwy dziewi\u0119ciu mazowieckich klub\u00f3w w tym dwa z Grodziska Maz.:UKS Budo i Niko Bushi. Doda\u0107 do tego pod\u0105\u017caj\u0105cych za dzie\u0107mi rodzic\u00f3w \u2013 nie dziwi, \u017ce sala przy szkole nr 1 p\u0119ka\u0142a w szwach. Zawodnik\u00f3w dzieli\u0142a ogromna przepa\u015b\u0107 wiekowa: najm\u0142odsi to rocznik 2013, najstarsi liczyli sobie powy\u017cej trzydziestu lat.<\/strong><\/p>\n<p>Turniej w Milan\u00f3wku mia\u0142 decyduj\u0105ce znaczenie \u2013 by\u0142 ostatnim z serii trzech turniej\u00f3w fina\u0142owych. Poprzednie odby\u0142y si\u0119 w P\u0142ocku i \u0141azach. Jednak nie od razu poznamy ostateczne wyniki.<\/p>\n<p>&#8211; Praktycznie, to zwyci\u0119zc\u00f3w poznamy dopiero za kilka dni \u2013 zaznacza jeden z organizator\u00f3w, Bart\u0142omiej Wykrytowicz. \u2013 Musimy przeliczy\u0107 nie tylko miejsca medalowe, tak\u017ce punktowane i dopiero wtedy b\u0119dziemy znali ostateczne wyniki. W sumie tutaj odbywa si\u0119 blisko czterysta boj\u00f3w, tak w kategoriach kontaktowych jak i bezkontaktowych.<\/p>\n<p>Rzeczywi\u015bcie, na hali po prostu k\u0142\u0119bi\u0142o si\u0119 od zawodnik\u00f3w, a na balkonie od przyjezdnych- \u00a0przewa\u017cnie \u2013 kibic\u00f3w.<\/p>\n<p>I tak praktycznie niezauwa\u017cenie odby\u0142 si\u0119 fina\u0142 pierwszej edycji Mazowieckiej Ligi Karate Tradycyjnego.<\/p>\n<p style=\"text-align: right;\"><strong>kf<\/strong><\/p>\n","protected":false},"excerpt":{"rendered":"<p>Praktycznie bez jakiegokolwiek rozg\u0142osu odby\u0142 si\u0119 w niedziel\u0119 23 kwietnia trzeci turniej DPD Wojew\u00f3dzkiej Ligi Karate Tradycyjnego. Reklama zreszt\u0105 nie by\u0142a zupe\u0142nie potrzebna: do Milan\u00f3wka przyjecha\u0142o blisko czterystu zawodnik\u00f3w reprezentuj\u0105cych barwy dziewi\u0119ciu mazowieckich klub\u00f3w w tym dwa z Grodziska Maz.:UKS Budo i Niko Bushi. Doda\u0107 do tego pod\u0105\u017caj\u0105cych za dzie\u0107mi rodzic\u00f3w \u2013 nie dziwi, \u017ce [&hellip;]<\/p>\n","protected":false},"author":2,"featured_media":1247,"comment_status":"closed","ping_status":"open","sticky":false,"template":"","format":"standard","meta":{"footnotes":""},"categories":[4,5],"tags":[],"class_list":["post-1246","post","type-post","status-publish","format-standard","has-post-thumbnail","hentry","category-sport","category-wiadomosci"],"_links":{"self":[{"href":"https:\/\/fleschmazowsza.com.pl\/index.php?rest_route=\/wp\/v2\/posts\/1246","targetHints":{"allow":["GET"]}}],"collection":[{"href":"https:\/\/fleschmazowsza.com.pl\/index.php?rest_route=\/wp\/v2\/posts"}],"about":[{"href":"https:\/\/fleschmazowsza.com.pl\/index.php?rest_route=\/wp\/v2\/types\/post"}],"author":[{"embeddable":true,"href":"https:\/\/fleschmazowsza.com.pl\/index.php?rest_route=\/wp\/v2\/users\/2"}],"replies":[{"embeddable":true,"href":"https:\/\/fleschmazowsza.com.pl\/index.php?rest_route=%2Fwp%2Fv2%2Fcomments&post=1246"}],"version-history":[{"count":1,"href":"https:\/\/fleschmazowsza.com.pl\/index.php?rest_route=\/wp\/v2\/posts\/1246\/revisions"}],"predecessor-version":[{"id":1248,"href":"https:\/\/fleschmazowsza.com.pl\/index.php?rest_route=\/wp\/v2\/posts\/1246\/revisions\/1248"}],"wp:featuredmedia":[{"embeddable":true,"href":"https:\/\/fleschmazowsza.com.pl\/index.php?rest_route=\/wp\/v2\/media\/1247"}],"wp:attachment":[{"href":"https:\/\/fleschmazowsza.com.pl\/index.php?rest_route=%2Fwp%2Fv2%2Fmedia&parent=1246"}],"wp:term":[{"taxonomy":"category","embeddable":true,"href":"https:\/\/fleschmazowsza.com.pl\/index.php?rest_route=%2Fwp%2Fv2%2Fcategories&post=1246"},{"taxonomy":"post_tag","embeddable":true,"href":"https:\/\/fleschmazowsza.com.pl\/index.php?rest_route=%2Fwp%2Fv2%2Ftags&post=1246"}],"curies":[{"name":"wp","href":"https:\/\/api.w.org\/{rel}","templated":true}]}}