{"id":1244,"date":"2017-04-28T14:22:45","date_gmt":"2017-04-28T13:22:45","guid":{"rendered":"http:\/\/fleschmazowsza.com.pl\/?p=1244"},"modified":"2017-04-28T14:22:45","modified_gmt":"2017-04-28T13:22:45","slug":"pierwsza-majowka-pod-zaglami","status":"publish","type":"post","link":"https:\/\/fleschmazowsza.com.pl\/?p=1244","title":{"rendered":"Pierwsza maj\u00f3wka pod \u017caglami"},"content":{"rendered":"<p><strong>Rewitalizacja Staw\u00f3w Walczewskiego ju\u017c od d\u0142u\u017cszego czasu jest wa\u017cnym przedsi\u0119wzi\u0119ciem dla grodziskiej gminy, kt\u00f3rej zale\u017cy by miasto, w kt\u00f3rym dawniej zamieszkiwa\u0142 Leonid Teliga by\u0142o pr\u0119\u017cnym o\u015brodkiem \u017ceglarstwa w regionie.<\/strong><\/p>\n<p>Jak si\u0119 okazuje, na Stawach Walczewskiego b\u0119dzie mo\u017cna p\u0142ywa\u0107 jeszcze przed wakacjami. Zamontowano ju\u017c zakupiony wcze\u015bniej pomost, a od 1 maja ruszy wypo\u017cyczalnie sprz\u0119tu wodnego. W\u0142odarze zadbali te\u017c o walory estetyczne tej okolicy, co przek\u0142ada si\u0119 na fakt, \u017ce pomi\u0119dzy ulic\u0105 Nadarzy\u0144sk\u0105 i Batorego b\u0119dzie wi\u0119cej kwiat\u00f3w oraz \u0142awek. Natomiast do po\u0142owy wakacji ma by\u0107 gotowe k\u0105pielisko z hamakami do pla\u017cowania, pomosty, do kt\u00f3rych b\u0119dzie mo\u017cna przybi\u0107 kajakami i \u0142odziami, baza wodniacka (z budynkiem do magazynowania sprz\u0119tu wodnego) oraz street workout (z urz\u0105dzeniami do \u0107wicze\u0144). Nast\u0119pnie realizowane b\u0119d\u0105 tam przedsi\u0119wzi\u0119cia zwi\u0105zane z placami zabaw, \u015bcie\u017ckami, tarasami, drewnianymi pomostami spacerowymi, wie\u017cami widokowymi w postaci latarni oraz le\u015bnym parkiem przyg\u00f3d. Gdy inwestycje zostan\u0105 zako\u0144czone, w przysz\u0142o\u015bci planowane b\u0119d\u0105 tutaj tak\u017ce kursy dla mi\u0142o\u015bnik\u00f3w p\u0142ywania pod \u017caglami. Zapowiada si\u0119 wi\u0119c interesuj\u0105co!<\/p>\n<p style=\"text-align: right;\"><strong>Daria G\u0142owacka<\/strong><\/p>\n","protected":false},"excerpt":{"rendered":"<p>Rewitalizacja Staw\u00f3w Walczewskiego ju\u017c od d\u0142u\u017cszego czasu jest wa\u017cnym przedsi\u0119wzi\u0119ciem dla grodziskiej gminy, kt\u00f3rej zale\u017cy by miasto, w kt\u00f3rym dawniej zamieszkiwa\u0142 Leonid Teliga by\u0142o pr\u0119\u017cnym o\u015brodkiem \u017ceglarstwa w regionie. Jak si\u0119 okazuje, na Stawach Walczewskiego b\u0119dzie mo\u017cna p\u0142ywa\u0107 jeszcze przed wakacjami. Zamontowano ju\u017c zakupiony wcze\u015bniej pomost, a od 1 maja ruszy wypo\u017cyczalnie sprz\u0119tu wodnego. W\u0142odarze [&hellip;]<\/p>\n","protected":false},"author":2,"featured_media":581,"comment_status":"closed","ping_status":"open","sticky":false,"template":"","format":"standard","meta":{"footnotes":""},"categories":[5],"tags":[],"class_list":["post-1244","post","type-post","status-publish","format-standard","has-post-thumbnail","hentry","category-wiadomosci"],"_links":{"self":[{"href":"https:\/\/fleschmazowsza.com.pl\/index.php?rest_route=\/wp\/v2\/posts\/1244","targetHints":{"allow":["GET"]}}],"collection":[{"href":"https:\/\/fleschmazowsza.com.pl\/index.php?rest_route=\/wp\/v2\/posts"}],"about":[{"href":"https:\/\/fleschmazowsza.com.pl\/index.php?rest_route=\/wp\/v2\/types\/post"}],"author":[{"embeddable":true,"href":"https:\/\/fleschmazowsza.com.pl\/index.php?rest_route=\/wp\/v2\/users\/2"}],"replies":[{"embeddable":true,"href":"https:\/\/fleschmazowsza.com.pl\/index.php?rest_route=%2Fwp%2Fv2%2Fcomments&post=1244"}],"version-history":[{"count":1,"href":"https:\/\/fleschmazowsza.com.pl\/index.php?rest_route=\/wp\/v2\/posts\/1244\/revisions"}],"predecessor-version":[{"id":1245,"href":"https:\/\/fleschmazowsza.com.pl\/index.php?rest_route=\/wp\/v2\/posts\/1244\/revisions\/1245"}],"wp:featuredmedia":[{"embeddable":true,"href":"https:\/\/fleschmazowsza.com.pl\/index.php?rest_route=\/wp\/v2\/media\/581"}],"wp:attachment":[{"href":"https:\/\/fleschmazowsza.com.pl\/index.php?rest_route=%2Fwp%2Fv2%2Fmedia&parent=1244"}],"wp:term":[{"taxonomy":"category","embeddable":true,"href":"https:\/\/fleschmazowsza.com.pl\/index.php?rest_route=%2Fwp%2Fv2%2Fcategories&post=1244"},{"taxonomy":"post_tag","embeddable":true,"href":"https:\/\/fleschmazowsza.com.pl\/index.php?rest_route=%2Fwp%2Fv2%2Ftags&post=1244"}],"curies":[{"name":"wp","href":"https:\/\/api.w.org\/{rel}","templated":true}]}}