{"id":1241,"date":"2017-04-28T14:15:35","date_gmt":"2017-04-28T13:15:35","guid":{"rendered":"http:\/\/fleschmazowsza.com.pl\/?p=1241"},"modified":"2017-04-28T14:15:35","modified_gmt":"2017-04-28T13:15:35","slug":"region-znamy-plany-budowy-centralnego-portu-lotniczego","status":"publish","type":"post","link":"https:\/\/fleschmazowsza.com.pl\/?p=1241","title":{"rendered":"REGION. Znamy plany budowy Centralnego Portu Lotniczego"},"content":{"rendered":"<p><strong>Coraz bli\u017cej decyzji dotycz\u0105cej budowy Centralnego Portu Lotniczego. Jest ju\u017c kierunkowa uchwa\u0142a Komitetu Ekonomicznego Rady Ministr\u00f3w w tej sprawie. Teraz czas na decyzj\u0119 rz\u0105du.<\/strong><\/p>\n<p>Minister Infrastruktury i Budownictwa Andrzej Adamczyk w wypowiedzi dla TVP Info przyzna\u0142, \u017ce nowe lotnisko jest potrzebne i powinno powsta\u0107 mi\u0119dzy \u0141odzi\u0105 a Warszaw\u0105. Wed\u0142ug niego kluczowa w wyborze lokalizacji jest przede wszystkim blisko\u015b\u0107 g\u0142\u00f3wnych szlak\u00f3w komunikacyjnych, a mianowicie dost\u0119pno\u015b\u0107 autostrady A1 i A2 oraz mo\u017cliwo\u015b\u0107 budowy szybkiej infrastruktury kolejowej, skomunikowanej z centrum Warszawy. Rz\u0105d rozwa\u017ca dwie lokalizacje \u2013 Baran\u00f3w lub Mszczon\u00f3w.<\/p>\n<p style=\"text-align: center;\"><strong>Rynek stale ro\u015bnie<\/strong><\/p>\n<p>Centralny Port Lotniczy (CPL) to inwestycja, kt\u00f3ra ma by\u0107 odpowiedzi\u0105 na stale rosn\u0105cy rynek przewo\u017anik\u00f3w samolotowych. Wed\u0142ug wylicze\u0144 i prognoz ekspert\u00f3w z Urz\u0119du Lotnictwa Cywilnego w 2030 roku rynek lotniczy w Polsce b\u0119dzie blisko dwukrotnie wi\u0119kszy ni\u017c obecnie.<br \/>\nTo oczywi\u015bcie rodzi problem przepustowo\u015bci g\u0142\u00f3wnych lotnisk w kraju, w tym mi\u0119dzy innymi warszawskiego Ok\u0119cia, kt\u00f3re wed\u0142ug wska\u017anik\u00f3w do 2035 roku ma obs\u0142ugiwa\u0107 ponad 22 miliony pasa\u017cer\u00f3w rocznie. W styczniu zesz\u0142ego roku Rafa\u0142 Milczarski, prezes LOT-u, podkre\u015bla\u0142, \u017ce przekroczenie tej granicy b\u0119dzie oznacza\u0107 dla Lotniska Chopina konieczno\u015b\u0107 zmniejszenia operacji, poniewa\u017c po prostu zabraknie na nim miejsca do obs\u0142ugi pasa\u017cer\u00f3w.<\/p>\n<p style=\"text-align: center;\"><strong>Plany pojawi\u0142y si\u0119 ju\u017c dawno<\/strong><\/p>\n<p>Pomys\u0142 budowy CPL nie jest niczym nowym. Pierwsze plany jego stworzenia pojawi\u0142y si\u0119 ju\u017c 30-lat temu, jednak w\u00f3wczas projekt okaza\u0142 si\u0119 zbyt ambitny jak na \u00f3wczesne realia komunistycznej Polski.<br \/>\nZa rz\u0105d\u00f3w koalicji PO-PSL planowano powr\u00f3t do \u015bmia\u0142ych plan\u00f3w budowy lotniska. W tym celu zlecono nawet firmie PwC przeprowadzenie kompleksowych analiz w celu oceny zasadno\u015bci pomys\u0142u, jego op\u0142acalno\u015bci i mo\u017cliwo\u015bci budowy. Projekt zosta\u0142 wyceniony na 3,1 mld z\u0142otych, jednak nie spotka\u0142 si\u0119 z aprobat\u0105 rz\u0105du premiera Tuska. Sprawa rozesz\u0142a si\u0119 o pieni\u0105dze, kt\u00f3rych w\u00f3wczas zabrak\u0142o w bud\u017cecie.<br \/>\nTeraz wydaje si\u0119, \u017ce projekt jest na dobrej drodze do jego realizacji. Wed\u0142ug ministra Adamczyka, je\u015bli decyzja zapadnie w tym roku, pierwsze samoloty b\u0119d\u0105 mog\u0142y wystartowa\u0107 z pasa ju\u017c za oko\u0142o 10 lat. Tyle w\u0142a\u015bnie ma zaj\u0105\u0107 budowa nie tylko lotniska, ale r\u00f3wnie\u017c potrzebnej magistrali kolejowej.<\/p>\n<p style=\"text-align: center;\"><strong>Idealne warunki na Mazowszu<\/strong><\/p>\n<p style=\"text-align: left;\">Wed\u0142ug ekspert\u00f3w lotnisko powinno powsta\u0107 w odleg\u0142o\u015bci oko\u0142o 36 km na zach\u00f3d od Warszawy. I w\u0142a\u015bnie dlatego decyzja o lokalizacji lotniska dotyczy bezpo\u015brednio ju\u017c tylko Baranowa i Mszczonowa, kt\u00f3re opr\u00f3cz blisko\u015bci stolicy, s\u0105 z ni\u0105 bardzo dobrze skomunikowane. Do Baranowa mo\u017cna dojecha\u0107 autostrad\u0105 A2, do Mszczonowa \u2013 drogami krajowymi nr 50 i nr 8. Decyzje dotycz\u0105ce lokalizacji Centralnego Portu Lotniczego maj\u0105 zapa\u015b\u0107 w ci\u0105gu najbli\u017cszego miesi\u0105ca.<\/p>\n<p style=\"text-align: right;\"><strong>Kinga Rochalska<\/strong><br \/>\nFot. <strong>www.flickr.com<\/strong><\/p>\n","protected":false},"excerpt":{"rendered":"<p>Coraz bli\u017cej decyzji dotycz\u0105cej budowy Centralnego Portu Lotniczego. Jest ju\u017c kierunkowa uchwa\u0142a Komitetu Ekonomicznego Rady Ministr\u00f3w w tej sprawie. Teraz czas na decyzj\u0119 rz\u0105du. Minister Infrastruktury i Budownictwa Andrzej Adamczyk w wypowiedzi dla TVP Info przyzna\u0142, \u017ce nowe lotnisko jest potrzebne i powinno powsta\u0107 mi\u0119dzy \u0141odzi\u0105 a Warszaw\u0105. Wed\u0142ug niego kluczowa w wyborze lokalizacji jest [&hellip;]<\/p>\n","protected":false},"author":2,"featured_media":1242,"comment_status":"closed","ping_status":"open","sticky":false,"template":"","format":"standard","meta":{"footnotes":""},"categories":[8,5],"tags":[],"class_list":["post-1241","post","type-post","status-publish","format-standard","has-post-thumbnail","hentry","category-roznosci","category-wiadomosci"],"_links":{"self":[{"href":"https:\/\/fleschmazowsza.com.pl\/index.php?rest_route=\/wp\/v2\/posts\/1241","targetHints":{"allow":["GET"]}}],"collection":[{"href":"https:\/\/fleschmazowsza.com.pl\/index.php?rest_route=\/wp\/v2\/posts"}],"about":[{"href":"https:\/\/fleschmazowsza.com.pl\/index.php?rest_route=\/wp\/v2\/types\/post"}],"author":[{"embeddable":true,"href":"https:\/\/fleschmazowsza.com.pl\/index.php?rest_route=\/wp\/v2\/users\/2"}],"replies":[{"embeddable":true,"href":"https:\/\/fleschmazowsza.com.pl\/index.php?rest_route=%2Fwp%2Fv2%2Fcomments&post=1241"}],"version-history":[{"count":1,"href":"https:\/\/fleschmazowsza.com.pl\/index.php?rest_route=\/wp\/v2\/posts\/1241\/revisions"}],"predecessor-version":[{"id":1243,"href":"https:\/\/fleschmazowsza.com.pl\/index.php?rest_route=\/wp\/v2\/posts\/1241\/revisions\/1243"}],"wp:featuredmedia":[{"embeddable":true,"href":"https:\/\/fleschmazowsza.com.pl\/index.php?rest_route=\/wp\/v2\/media\/1242"}],"wp:attachment":[{"href":"https:\/\/fleschmazowsza.com.pl\/index.php?rest_route=%2Fwp%2Fv2%2Fmedia&parent=1241"}],"wp:term":[{"taxonomy":"category","embeddable":true,"href":"https:\/\/fleschmazowsza.com.pl\/index.php?rest_route=%2Fwp%2Fv2%2Fcategories&post=1241"},{"taxonomy":"post_tag","embeddable":true,"href":"https:\/\/fleschmazowsza.com.pl\/index.php?rest_route=%2Fwp%2Fv2%2Ftags&post=1241"}],"curies":[{"name":"wp","href":"https:\/\/api.w.org\/{rel}","templated":true}]}}