{"id":1231,"date":"2017-04-25T13:47:26","date_gmt":"2017-04-25T12:47:26","guid":{"rendered":"http:\/\/fleschmazowsza.com.pl\/?p=1231"},"modified":"2017-04-25T13:47:26","modified_gmt":"2017-04-25T12:47:26","slug":"kto-wyszlifowal-sobie-droge-do-wielkiego-finalu","status":"publish","type":"post","link":"https:\/\/fleschmazowsza.com.pl\/?p=1231","title":{"rendered":"Kto wyszlifowa\u0142 sobie drog\u0119 do wielkiego fina\u0142u?"},"content":{"rendered":"<p><strong>Podczas pierwszego \u201eStarcia Szlifierzy\u201d w Nadarzynie polecia\u0142o wiele iskier, a emocje si\u0119gn\u0119\u0142y zenitu. Blisko 40 profesjonalist\u00f3w z bran\u017cy prze\u017cy\u0142o prawdziw\u0105 przygod\u0119<br \/>\nw \u015bwiecie obr\u00f3bki metalu oraz wy\u0142oniono 4 mistrz\u00f3w, kt\u00f3rzy wyszlifowali sobie drog\u0119 do fina\u0142u drugiej edycji \u201eStarcia Szlifierzy\u201d. O zwyci\u0119stwie cz\u0119sto decydowa\u0142y sekundy, milimetry, a nawet miligramy zdj\u0119tego materia\u0142u. <\/strong><\/p>\n<p>Pierwsze regionalne zawody \u201eStarcia Szlifierzy\u201d odby\u0142y si\u0119 21 kwietnia podczas Centralnych Targ\u00f3w Budowlanych Building Solutions. Profesjonali\u015bci, w duchu sportowej rywalizacji, zmierzyli si\u0119 z innymi specjalistami z bran\u017cy szlifierskiej, walczyli o uznanie, cenne nagrody<br \/>\noraz przepustk\u0119 do Wielkiego Fina\u0142u. Opr\u00f3cz sprawdzenia si\u0119 w konkurencjach, szlifierze przybli\u017cyli go\u015bciom i widzom targ\u00f3w swoj\u0105 prac\u0119 oraz pokazali im, jak przebiega szlifowanie metalu. Poza tym wszyscy zawodnicy zaprezentowali swoje umiej\u0119tno\u015bci, zintegrowali si\u0119, wymienili opinie z kolegami po fachu, a dzi\u0119ki przygotowanym atrakcjom przez organizatora zawod\u00f3w \u2013 firm\u0119 3M \u2013 przetestowali produkty najwy\u017cszej jako\u015bci oraz uczestniczyli w szkoleniach.<\/p>\n<p><em>&#8211; Zwyci\u0119stwo w regionalnych zawodach \u201eStarcia Szlifierzy\u201d to dla mnie ogromne zaskoczenie, ale jednocze\u015bnie pow\u00f3d do rado\u015bci i dumy. Najbardziej jednak cieszy mnie sam fakt, \u017ce zdecydowa\u0142em si\u0119 wzi\u0105\u0107 w nich udzia\u0142. To by\u0142a czysta, sportowa rywalizacja. Dawno nie czu\u0142em takich emocji i takiej przyjemno\u015bci z tego co robi\u0119 &#8211; <\/em>m\u00f3wi Sylwester Kukie\u0142ka, zwyci\u0119zca \u201eStarcia Szlifierzy\u201d w Nadarzynie.<\/p>\n<p>Specjali\u015bci bran\u017cy szlifierskiej sprawdzili swoje umiej\u0119tno\u015bci w 5 konkurencjach. Najwi\u0119kszym uznaniem cieszy\u0142y si\u0119 zadania praktyczne, w kt\u00f3rych uczestnicy mogli wykaza\u0107 si\u0119 swoim warsztatem pracy oraz zaanga\u017cowaniem.<\/p>\n<ol>\n<li>Na pocz\u0105tek uczestnicy zawod\u00f3w uzupe\u0142nili 15 pyta\u0144 w ramach testu <strong>Wiedza Mistrza<\/strong>.<\/li>\n<li>Druga konkurencja <strong>Zr\u0119czno\u015b\u0107 Szlifierza<\/strong> sprawdza\u0142a sprawno\u015b\u0107 zawodnik\u00f3w &#8211; szlifierze mieli za zadanie uzbroi\u0107 w jak najkr\u00f3tszym czasie szlifierk\u0119 k\u0105tow\u0105.<\/li>\n<li>W konkurencji zatytu\u0142owanej <strong>Zaradno\u015b\u0107 Szlifierza<\/strong> zawodnicy ci\u0119li stal nierdzewn\u0105.<\/li>\n<li><strong>Refleks Szlifierza <\/strong>to konkurencja polegaj\u0105ca na szlifowaniu spoiny.<br \/>\nO pierwszym miejscu zadecydowa\u0142y sekundy.<\/li>\n<li>Na ostatniej prostej poszukiwano w profesjonalistach prawdziwego <strong>Instynktu Szlifierza. <\/strong>Zawodnicy musieli zdj\u0105\u0107 30 gram materia\u0142u z metalowego elementu. Decyduj\u0105ce by\u0142y miligramy zdj\u0119tego materia\u0142u.<\/li>\n<\/ol>\n<p>&#8211; <em>Pierwszy etap drugiej edycji \u201eStarcia Szlifierzy\u201d spotka\u0142 si\u0119 ponownie z du\u017cym zainteresowaniem. Jako lider bran\u017cy innowacyjnych technologii jeste\u015bmy bardzo zadowoleni, \u017ce mo\u017cemy wspiera\u0107 szlifierzy w doskonaleniu swoich umiej\u0119tno\u015bci oraz zwi\u0119ksza\u0107 bezpiecze\u0144stwo i jako\u015b\u0107 ich codziennej pracy. Opr\u00f3cz aspekt\u00f3w zawodowych, \u201eStarcie Szlifierzy\u201d jest doskona\u0142\u0105 okazj\u0105 do integracji i wymiany opinii, co udowodni\u0142y zawody<br \/>\nw Nadarzynie <\/em>\u2013 m\u00f3wi Micha\u0142 Niedbalski, Dyrektor Materia\u0142\u00f3w \u015aciernych.<\/p>\n<p>Jednym z cel\u00f3w \u201eStarcia Szlifierzy\u201d jest dostrze\u017cenie, wy\u0142onienie i nagrodzenie tych, dla kt\u00f3rych szlifowanie jest czym\u015b wi\u0119cej ni\u017c tylko prac\u0105 \u2013 jest r\u00f3wnie\u017c pasj\u0105. Dlatego firma 3M dla laureat\u00f3w pierwszych regionalnych zawod\u00f3w drugiej edycji ufundowa\u0142a cenne nagrody. Do Wielkiego Fina\u0142u przesz\u0142o 4 najlepszych zawodnik\u00f3w z Nadarzyna.<\/p>\n<ol>\n<li><strong>Laureat I miejsca<\/strong> \u2013 Sylwester Kukie\u0142ka z firmy \u201eSylwester Kukie\u0142ka\u201d otrzyma\u0142 nag\u0142owie Versaflo\u2122 z systemem filtrowania powietrza Adflo\u2122, produkty Cubitron\u2122 II Scotch-Brite\u2122, szlifierk\u0119 firmy FLEX oraz bon dla firmy o warto\u015bci 800 z\u0142.<\/li>\n<li><strong>Nagrod\u0119 za II miejsce<\/strong> \u2013 przy\u0142bic\u0119 Speedglas\u2122 XXi, produkty Cubitron\u2122 II i Scotch-Brite\u2122, szlifierk\u0119 firmy FLEX oraz bon dla firmy o warto\u015bci 500 z\u0142 otrzyma\u0142 Przemys\u0142aw Ugolik z firmy S&amp;S Pi\u0142czy\u0144ski.<\/li>\n<li>Piotr Pi\u0142czy\u0144ski z firmy S&amp;S Pi\u0142czy\u0144ski za zaj\u0119cie <strong>III miejsca<\/strong> nagrodzony zosta\u0142 nag\u0142owiem G500, produktami Cubitron\u2122 i Scotch-Brite\u2122, szlifierk\u0105 FLEX oraz bonem dla firmy o warto\u015bci 300 z\u0142.<\/li>\n<li><strong>Wyr\u00f3\u017cnienie<\/strong>, przepustk\u0119 do Wielkiego Fina\u0142u, nagrody w postaci ochronnik\u00f3w s\u0142uchu Peltor Optime\u2122, produkt\u00f3w Cubitron\u2122 i Scotch-Brite\u2122, szlifierki FLEX otrzyma\u0142 Marcin Pi\u0142czy\u0144ski z firmy Pi\u0142czy\u0144ski ART.<\/li>\n<\/ol>\n<p style=\"text-align: right;\"><strong>Monika Podsiad\u0142o<\/strong><\/p>\n","protected":false},"excerpt":{"rendered":"<p>Podczas pierwszego \u201eStarcia Szlifierzy\u201d w Nadarzynie polecia\u0142o wiele iskier, a emocje si\u0119gn\u0119\u0142y zenitu. Blisko 40 profesjonalist\u00f3w z bran\u017cy prze\u017cy\u0142o prawdziw\u0105 przygod\u0119 w \u015bwiecie obr\u00f3bki metalu oraz wy\u0142oniono 4 mistrz\u00f3w, kt\u00f3rzy wyszlifowali sobie drog\u0119 do fina\u0142u drugiej edycji \u201eStarcia Szlifierzy\u201d. O zwyci\u0119stwie cz\u0119sto decydowa\u0142y sekundy, milimetry, a nawet miligramy zdj\u0119tego materia\u0142u. Pierwsze regionalne zawody \u201eStarcia Szlifierzy\u201d [&hellip;]<\/p>\n","protected":false},"author":2,"featured_media":1232,"comment_status":"closed","ping_status":"open","sticky":false,"template":"","format":"standard","meta":{"footnotes":""},"categories":[8],"tags":[],"class_list":["post-1231","post","type-post","status-publish","format-standard","has-post-thumbnail","hentry","category-roznosci"],"_links":{"self":[{"href":"https:\/\/fleschmazowsza.com.pl\/index.php?rest_route=\/wp\/v2\/posts\/1231","targetHints":{"allow":["GET"]}}],"collection":[{"href":"https:\/\/fleschmazowsza.com.pl\/index.php?rest_route=\/wp\/v2\/posts"}],"about":[{"href":"https:\/\/fleschmazowsza.com.pl\/index.php?rest_route=\/wp\/v2\/types\/post"}],"author":[{"embeddable":true,"href":"https:\/\/fleschmazowsza.com.pl\/index.php?rest_route=\/wp\/v2\/users\/2"}],"replies":[{"embeddable":true,"href":"https:\/\/fleschmazowsza.com.pl\/index.php?rest_route=%2Fwp%2Fv2%2Fcomments&post=1231"}],"version-history":[{"count":2,"href":"https:\/\/fleschmazowsza.com.pl\/index.php?rest_route=\/wp\/v2\/posts\/1231\/revisions"}],"predecessor-version":[{"id":1234,"href":"https:\/\/fleschmazowsza.com.pl\/index.php?rest_route=\/wp\/v2\/posts\/1231\/revisions\/1234"}],"wp:featuredmedia":[{"embeddable":true,"href":"https:\/\/fleschmazowsza.com.pl\/index.php?rest_route=\/wp\/v2\/media\/1232"}],"wp:attachment":[{"href":"https:\/\/fleschmazowsza.com.pl\/index.php?rest_route=%2Fwp%2Fv2%2Fmedia&parent=1231"}],"wp:term":[{"taxonomy":"category","embeddable":true,"href":"https:\/\/fleschmazowsza.com.pl\/index.php?rest_route=%2Fwp%2Fv2%2Fcategories&post=1231"},{"taxonomy":"post_tag","embeddable":true,"href":"https:\/\/fleschmazowsza.com.pl\/index.php?rest_route=%2Fwp%2Fv2%2Ftags&post=1231"}],"curies":[{"name":"wp","href":"https:\/\/api.w.org\/{rel}","templated":true}]}}