{"id":1217,"date":"2017-04-20T13:53:14","date_gmt":"2017-04-20T12:53:14","guid":{"rendered":"http:\/\/fleschmazowsza.com.pl\/?p=1217"},"modified":"2017-04-20T13:53:14","modified_gmt":"2017-04-20T12:53:14","slug":"szwedes-i-polk-w-komedii-pol-na-pol","status":"publish","type":"post","link":"https:\/\/fleschmazowsza.com.pl\/?p=1217","title":{"rendered":"Szwedes i Polk w komedii \u201e P\u00f3\u0142 na p\u00f3\u0142\u201d"},"content":{"rendered":"<p><strong>W sobotni wiecz\u00f3r o godzinie 19 \u2013 tej na deskach \u017cyrardowskiego Centrum Kultury dwaj znani aktorzy, Piotr Szwedes i Piotr Polk, wyst\u0105pili w sztuce teatralnej zatytu\u0142owanej \u201eP\u00f3\u0142 na p\u00f3\u0142\u201d.<\/strong><\/p>\n<p>Spektakl to komedia kryminalna, kt\u00f3ra opowiada o dw\u00f3ch przyrodnich braciach walcz\u0105cych o spadek po wci\u0105\u017c jeszcze \u017cyj\u0105cej matce. Realizacja \u017cyciowych plan\u00f3w dw\u00f3ch braci: starszego Roberta (Piotr Polk) oraz m\u0142odszego Dominika (Piotr Szwedes) stoi jednak pod znakiem zapytania.<\/p>\n<p>Rzeczywisto\u015b\u0107 przedstawiona w komedii jest skomplikowana, poniewa\u017c opowiada o relacji \u0142\u0105cz\u0105cej braci z matk\u0105. I jak na \u201eczarn\u0105 komedi\u0119\u201d przysta\u0142o nie zabrak\u0142o tutaj ani napi\u0119cia grozy ani te\u017c olbrzymiej dawki humoru, zbudowanej tak\u017ce mi\u0119dzy innymi na pi\u0119trowych k\u0142amstwach. Zako\u0144czenie spektaklu jest naprawd\u0119 \u2026 zaskakuj\u0105ce.<\/p>\n<p>\u015awietne, b\u0142yskotliwe i bardzo zabawne dialogi, nieoczekiwane zwroty akcji oraz wyrazi\u015bcie nakre\u015blone postaci s\u0105 recept\u0105 na udany wyst\u0119p dw\u00f3ch znakomitych aktor\u00f3w. Sztuka cieszy si\u0119 olbrzymi\u0105 popularno\u015bci\u0105.<\/p>\n<p>\u2013 W ci\u0105gu dw\u00f3ch lat zagrali\u015bmy ponad sto spektakli. Sztuka jest znana w ca\u0142ej Polsce \u2013 m\u00f3wi\u0142 przed wyst\u0119pem aktor, Piotr Szwedes. \u2013 Jej sukces polega na tym, \u017ce jest prawdziwa. Pokazuje prawd\u0119 o \u017cyciu i ludziach, troszeczk\u0119 ostrzega przed tym, co wydarza si\u0119 na scenie, aby nie mia\u0142o to swojego odzwierciedlenia w rzeczywisto\u015bci \u2013 doda\u0142.<\/p>\n<p>Sztuk\u0119 re\u017cyseruje Wojciech Malajkat. Tekst sztuki zosta\u0142 ju\u017c przet\u0142umaczony m.in. na portugalski i angielski.<\/p>\n<p style=\"text-align: right;\">Tekst i foto:<\/p>\n<p style=\"text-align: right;\"><strong>Daria G\u0142owacka<\/strong><\/p>\n","protected":false},"excerpt":{"rendered":"<p>W sobotni wiecz\u00f3r o godzinie 19 \u2013 tej na deskach \u017cyrardowskiego Centrum Kultury dwaj znani aktorzy, Piotr Szwedes i Piotr Polk, wyst\u0105pili w sztuce teatralnej zatytu\u0142owanej \u201eP\u00f3\u0142 na p\u00f3\u0142\u201d. Spektakl to komedia kryminalna, kt\u00f3ra opowiada o dw\u00f3ch przyrodnich braciach walcz\u0105cych o spadek po wci\u0105\u017c jeszcze \u017cyj\u0105cej matce. Realizacja \u017cyciowych plan\u00f3w dw\u00f3ch braci: starszego Roberta (Piotr [&hellip;]<\/p>\n","protected":false},"author":2,"featured_media":1218,"comment_status":"closed","ping_status":"open","sticky":false,"template":"","format":"standard","meta":{"footnotes":""},"categories":[6],"tags":[],"class_list":["post-1217","post","type-post","status-publish","format-standard","has-post-thumbnail","hentry","category-kultura"],"_links":{"self":[{"href":"https:\/\/fleschmazowsza.com.pl\/index.php?rest_route=\/wp\/v2\/posts\/1217","targetHints":{"allow":["GET"]}}],"collection":[{"href":"https:\/\/fleschmazowsza.com.pl\/index.php?rest_route=\/wp\/v2\/posts"}],"about":[{"href":"https:\/\/fleschmazowsza.com.pl\/index.php?rest_route=\/wp\/v2\/types\/post"}],"author":[{"embeddable":true,"href":"https:\/\/fleschmazowsza.com.pl\/index.php?rest_route=\/wp\/v2\/users\/2"}],"replies":[{"embeddable":true,"href":"https:\/\/fleschmazowsza.com.pl\/index.php?rest_route=%2Fwp%2Fv2%2Fcomments&post=1217"}],"version-history":[{"count":1,"href":"https:\/\/fleschmazowsza.com.pl\/index.php?rest_route=\/wp\/v2\/posts\/1217\/revisions"}],"predecessor-version":[{"id":1219,"href":"https:\/\/fleschmazowsza.com.pl\/index.php?rest_route=\/wp\/v2\/posts\/1217\/revisions\/1219"}],"wp:featuredmedia":[{"embeddable":true,"href":"https:\/\/fleschmazowsza.com.pl\/index.php?rest_route=\/wp\/v2\/media\/1218"}],"wp:attachment":[{"href":"https:\/\/fleschmazowsza.com.pl\/index.php?rest_route=%2Fwp%2Fv2%2Fmedia&parent=1217"}],"wp:term":[{"taxonomy":"category","embeddable":true,"href":"https:\/\/fleschmazowsza.com.pl\/index.php?rest_route=%2Fwp%2Fv2%2Fcategories&post=1217"},{"taxonomy":"post_tag","embeddable":true,"href":"https:\/\/fleschmazowsza.com.pl\/index.php?rest_route=%2Fwp%2Fv2%2Ftags&post=1217"}],"curies":[{"name":"wp","href":"https:\/\/api.w.org\/{rel}","templated":true}]}}