{"id":1211,"date":"2017-04-20T13:49:10","date_gmt":"2017-04-20T12:49:10","guid":{"rendered":"http:\/\/fleschmazowsza.com.pl\/?p=1211"},"modified":"2017-04-20T13:50:16","modified_gmt":"2017-04-20T12:50:16","slug":"to-jest-wazna-czesc-mojego-zycia","status":"publish","type":"post","link":"https:\/\/fleschmazowsza.com.pl\/?p=1211","title":{"rendered":"To jest wa\u017cna cz\u0119\u015b\u0107 mojego \u017cycia"},"content":{"rendered":"<p style=\"text-align: left;\"><strong>O spektaklu \u201eP\u00f3\u0142 na p\u00f3\u0142\u201d, byciu aktorem i kulisach przedstawienia z aktorem Piotrem Szwedesem rozmawia Daria G\u0142owacka.<\/strong><\/p>\n<p style=\"text-align: center;\"><strong>Spektakl \u201eP\u00f3\u0142 na p\u00f3\u0142\u201d okre\u015blany jest przez realizator\u00f3w jako \u201eczarna komedia\u201d. B\u0142yskotliwe dialogi, nieoczekiwane zwroty akcji, pi\u0119trowe k\u0142amstwa, wyrazi\u015bcie nakre\u015blone postacie oraz olbrzymia dawka humoru. Co w rzeczywisto\u015bci sprawia, \u017ce sztuka cieszy si\u0119 du\u017c\u0105 popularno\u015bci\u0105?<\/strong><\/p>\n<p>Historia zaczyna si\u0119 od tego, \u017ce dw\u00f3ch braci k\u0142\u00f3ci si\u0119 o spadek po matce, kt\u00f3ra \u017cyje jeszcze za drzwiami. Nie chodzi tu tylko o to, \u017ce dwaj bracia planuj\u0105 zamach na mamusi\u0119. Nie jest to prosta historia. Spektakl przestrzega przed tym, co mo\u017ce w \u017cyciu wydarzy\u0107 si\u0119 naprawd\u0119, je\u015bli znajdzie to swoje odzwierciedlenie w rzeczywisto\u015bci. Pewnie Ci dwaj bracia \u017cyli troch\u0119 za lekko i mimo, \u017ce byli bra\u0107mi nie znali si\u0119 zbyt dobrze, nie kochali si\u0119. W tej ca\u0142ej historii jeden z nich zrezygnowa\u0142 z marze\u0144, ze wszystkiego, \u017ceby opiekowa\u0107 si\u0119 chor\u0105 mam\u0105. Drugi uciek\u0142 do \u017cony, trafiaj\u0105c z deszczu pod rynn\u0119. W zwi\u0105zku z tym, pokazujemy konsekwencj\u0119 tego ich nie\u015bwiadomego \u017cycia. Cz\u0119sto \u015bpimy w \u017cyciu i to dopiero tragedie nas budz\u0105, co\u015b z\u0142ego, co dzieje si\u0119 w \u017cyciu. Budzimy si\u0119 i zauwa\u017camy, \u017ce te poprzednie lata nie by\u0142y \u017cyciem. Dla niekt\u00f3rych tym obudzeniem b\u0119dzie religia, dla innych seks, pieni\u0105dze czy w\u0142adza. R\u00f3\u017cne rzeczy kieruj\u0105 nami w \u017cyciu. Wa\u017cne jednak, aby to wszystko dobrze si\u0119 ko\u0144czy\u0142o. Oczywi\u015bcie nie mog\u0119 zdradzi\u0107 zako\u0144czenia tej sztuki. Natomiast to, \u017ce ona jest w\u0142a\u015bnie taka powoduje, \u017ce chyba dlatego jest taka popularna, znana w ca\u0142ej Polsce. Ta historia jest prawdziwa i ludzie to doceniaj\u0105. Nie chcemy, \u017ceby na scenie by\u0142a tylko zabawa, \u017ceby si\u0119 permanentnie \u015bmia\u0107. Zostawiamy widzom miejsce na my\u015blenie, poniewa\u017c to sprawia, \u017ce teatr jest interesuj\u0105cy.<\/p>\n<p style=\"text-align: center;\"><strong>Wojciech Malajkat stara\u0142 si\u0119 pokaza\u0107, ile humoru mo\u017cna znale\u017a\u0107 w tak powa\u017cnym temacie. Co ka\u017cdy z tych bohater\u00f3w wnosi do spektaklu?<\/strong><\/p>\n<p>Przylecia\u0142 do nas autor z Barcelony \u2013 Anton G\u00f3mez, kt\u00f3ry za\u0142o\u017cy\u0142, \u017ce ta komedia ma przera\u017ca\u0107, poniewa\u017c dotyka powa\u017cnych temat\u00f3w. Wojtek [Malajkat &#8211; przyp. red.] to jeszcze bardziej podkre\u015bli\u0142 swoj\u0105 re\u017cyseri\u0105. Natomiast ja z Piotrem [Polkiem \u2013 przyp. red.] staramy si\u0119 ogrywa\u0107 swoje role jak najlepiej. O tym, co ka\u017cdy z bohater\u00f3w wnosi do spektaklu powinni\u015bmy m\u00f3wi\u0107 jednak jak najmniej. Trzeba spektakl obejrze\u0107. Akcja rozgrywa si\u0119 w ci\u0105gu dw\u00f3ch dni i widz zastanawia si\u0119, czy ten zamach si\u0119 uda czy nie? Czy ma to sens czy te\u017c nie? Obaj bracia maj\u0105 racj\u0119 i obaj si\u0119 myl\u0105, tak jak w \u017cyciu. Nie ma doskona\u0142ej recepty na \u017cycie, na sukces, na dobr\u0105 mi\u0142o\u015b\u0107 czy nienawi\u015b\u0107. Po obejrzeniu spektaklu widzowie m\u00f3wi\u0105: jak u nas w domu, jak w rodzinie. Takie rzeczy s\u0105 potrzebne, poniewa\u017c nawet jak je znamy z autopsji czy s\u0142yszymy o nich, to oczywiste, ale dopiero sztuka porz\u0105dkuje nam \u015bwiat. Czasami \u017cyjemy w chaosie, niby o tym wiemy, ale nie jeste\u015bmy pewni czy to prawda, a taka sztuka pewne rzeczy porz\u0105dkuje i powoduje, \u017ce nie mo\u017cemy si\u0119 dalej gubi\u0107.<\/p>\n<p style=\"text-align: center;\"><strong>Gustaw Holoubek powiedzia\u0142 kiedy\u015b, \u017ce aktor przygotowuj\u0105c si\u0119 do roli mo\u017ce si\u0119gn\u0105\u0107 te\u017c w g\u0142\u0105b samego siebie, odwo\u0142a\u0107 si\u0119 do siebie. Co Pan o tym my\u015bli?<\/strong><\/p>\n<p>Gustaw Holoubek reprezentowa\u0142 rodzaj aktorstwa intelektualnego. Nie mia\u0142em z nim nigdy zaj\u0119\u0107, poniewa\u017c jestem po Szkole Filmowej w \u0141odzi, natomiast rozumiem to jako aktorstwo, oczywi\u015bcie, na wysokim poziomie. Ale na przyk\u0142ad ju\u017c Tadeusz \u0141omnicki reprezentowa\u0142 ca\u0142kowicie odwrotny typ aktorstwa. Nast\u0119powa\u0142a ca\u0142kowita transformacja cech, od zewn\u0119trznych po wewn\u0119trzne. Stanis\u0142awski, Michai\u0142 Czechow, \u015bwietnie to potrafili opisa\u0107, w ko\u0144cu byli prekursorami tych metod. Jest du\u017co prawdy w tym, co m\u00f3wi\u0142 Gustaw Holoubek. Pami\u0119tajmy jednak, \u017ce nie zmieniamy si\u0119 na ca\u0142e \u017cycie. Na tym polega aktorstwo. Musimy bazowa\u0107 na do\u015bwiadczeniu i wyobra\u017ani, a nie tworzy\u0107 pewne stany l\u0119kowe czy chorobowe, \u017ceby stworzy\u0107 jak\u0105\u015b posta\u0107, poniewa\u017c wtedy mo\u017ce sta\u0107 si\u0119 to niebezpieczne.<\/p>\n<p style=\"text-align: center;\"><strong>Czy pami\u0119ta Pan swoj\u0105 pierwsz\u0105 wizyt\u0119 w teatrze. Co Pana w nim wtedy zachwyci\u0142o?<\/strong><\/p>\n<p>Pochodz\u0119 z Warmii, Lidzbarka Warmi\u0144skiego, wi\u0119c to raczej teatr przyje\u017cd\u017ca\u0142 do nas, ale pami\u0119tam Wilhelmiego i Gajosa. W teatrze fascynuj\u0105cy by\u0142 ten inny, dziwny \u015bwiat. Ju\u017c w szkole podstawowej, a potem w liceum mia\u0142em kontakt ze scen\u0105, gra\u0142em w kabaretach, mia\u0142em zespo\u0142y muzyczne, ale nigdy nie my\u015bla\u0142em, \u017ce w przysz\u0142o\u015bci b\u0119dzie to m\u00f3j zaw\u00f3d. To by\u0142a dla mnie zabawa. P\u00f3\u017aniej zdawa\u0142em na prawo do Torunia, ale nie dosta\u0142em si\u0119. I raptem uciekaj\u0105c przed wojskiem, zda\u0142em do szko\u0142y pomaturalnej w Mr\u0105gowie. Tam zaanga\u017cowa\u0142em si\u0119 w zaj\u0119cia teatralne, kt\u00f3re prowadzi\u0142a ta sama osoba, kt\u00f3ra przygotowywa\u0142a Wojtka Malajkata. To w\u0142a\u015bnie ona nam\u00f3wi\u0142a mnie, \u017cebym pojecha\u0142 do szko\u0142y filmowej na egzaminy. Zda\u0142em je od razu, a po p\u00f3\u0142 roku ju\u017c wiedzia\u0142em, \u017ce nie wracam na prawo. Scena obecna by\u0142a w moim \u017cyciu od zawsze i my\u015bl\u0119, \u017ce tak naprawd\u0119 czeka\u0142a na mnie. To jest wa\u017cna cz\u0119\u015b\u0107 mojego \u017cycia, od kt\u00f3rego zmykam do rodziny.<\/p>\n<p style=\"text-align: center;\"><strong>Teatr to miejsce magiczne, ale i tu mo\u017ce zdarzy\u0107 si\u0119 co\u015b nieprzewidywalnego. Czy podczas grania w teatrze lub telewizji przydarzy\u0142a si\u0119 Panu jaka\u015b sytuacja, kt\u00f3r\u0105 dzi\u015b mo\u017cna wspomina\u0107 jako anegdot\u0119?<\/strong><\/p>\n<p>W teatrze dziej\u0105 si\u0119 r\u00f3\u017cne rzeczy i dlatego jest on taki wspania\u0142y. Byli\u015bmy niedawno w jakim\u015b mie\u015bcie z Piotrem [Polkiem \u2013 przyp. red.] i niespodziewanie zgas\u0142o \u015bwiat\u0142o. Jakby\u015bmy byli mniej do\u015bwiadczeni, to pewnie by\u015bmy przerwali, ale grali\u015bmy dalej. Musieli\u015bmy improwizowa\u0107, Piotr do\u0142o\u017cy\u0142 kilka kwestii: &#8211; Nie zap\u0142aci\u0142e\u015b rachunk\u00f3w za pr\u0105d? Ja: wiesz mamusia ci\u0105gle taka sk\u0105pa. P\u00f3\u017aniej \u015bwiat\u0142o si\u0119 zapali\u0142o i poczuli\u015bmy ulg\u0119: jak \u015bwietnie! I znowu zgas\u0142o, wi\u0119c byli\u015bmy mokrzy ze stresu, jak wyszli\u015bmy na przerw\u0119. Po przerwie grali\u015bmy dalej. P\u00f3\u017aniej, po spektaklu, dowiedzieli\u015bmy si\u0119, \u017ce \u015bwiat\u0142o wr\u00f3ci\u0142o dzi\u0119ki temu, \u017ce nasz techniczny przebieg\u0142 dooko\u0142a ca\u0142y budynek, pobieg\u0142 za kulisy I trzyma\u0142 do ko\u0144ca aktu bezpiecznik. Tylko dlatego \u015bwiat\u0142o wr\u00f3ci\u0142o (\u015bmiech). My z nim. Widownia, oczywi\u015bcie, my\u015bla\u0142a, \u017ce tak mia\u0142o by\u0107. Bo mia\u0142o.<\/p>\n<p style=\"text-align: center;\"><strong>Dzi\u0119kuj\u0119 za rozmow\u0119.<\/strong><\/p>\n","protected":false},"excerpt":{"rendered":"<p>O spektaklu \u201eP\u00f3\u0142 na p\u00f3\u0142\u201d, byciu aktorem i kulisach przedstawienia z aktorem Piotrem Szwedesem rozmawia Daria G\u0142owacka. Spektakl \u201eP\u00f3\u0142 na p\u00f3\u0142\u201d okre\u015blany jest przez realizator\u00f3w jako \u201eczarna komedia\u201d. B\u0142yskotliwe dialogi, nieoczekiwane zwroty akcji, pi\u0119trowe k\u0142amstwa, wyrazi\u015bcie nakre\u015blone postacie oraz olbrzymia dawka humoru. Co w rzeczywisto\u015bci sprawia, \u017ce sztuka cieszy si\u0119 du\u017c\u0105 popularno\u015bci\u0105? Historia zaczyna si\u0119 [&hellip;]<\/p>\n","protected":false},"author":2,"featured_media":1212,"comment_status":"closed","ping_status":"open","sticky":false,"template":"","format":"standard","meta":{"footnotes":""},"categories":[6],"tags":[],"class_list":["post-1211","post","type-post","status-publish","format-standard","has-post-thumbnail","hentry","category-kultura"],"_links":{"self":[{"href":"https:\/\/fleschmazowsza.com.pl\/index.php?rest_route=\/wp\/v2\/posts\/1211","targetHints":{"allow":["GET"]}}],"collection":[{"href":"https:\/\/fleschmazowsza.com.pl\/index.php?rest_route=\/wp\/v2\/posts"}],"about":[{"href":"https:\/\/fleschmazowsza.com.pl\/index.php?rest_route=\/wp\/v2\/types\/post"}],"author":[{"embeddable":true,"href":"https:\/\/fleschmazowsza.com.pl\/index.php?rest_route=\/wp\/v2\/users\/2"}],"replies":[{"embeddable":true,"href":"https:\/\/fleschmazowsza.com.pl\/index.php?rest_route=%2Fwp%2Fv2%2Fcomments&post=1211"}],"version-history":[{"count":4,"href":"https:\/\/fleschmazowsza.com.pl\/index.php?rest_route=\/wp\/v2\/posts\/1211\/revisions"}],"predecessor-version":[{"id":1216,"href":"https:\/\/fleschmazowsza.com.pl\/index.php?rest_route=\/wp\/v2\/posts\/1211\/revisions\/1216"}],"wp:featuredmedia":[{"embeddable":true,"href":"https:\/\/fleschmazowsza.com.pl\/index.php?rest_route=\/wp\/v2\/media\/1212"}],"wp:attachment":[{"href":"https:\/\/fleschmazowsza.com.pl\/index.php?rest_route=%2Fwp%2Fv2%2Fmedia&parent=1211"}],"wp:term":[{"taxonomy":"category","embeddable":true,"href":"https:\/\/fleschmazowsza.com.pl\/index.php?rest_route=%2Fwp%2Fv2%2Fcategories&post=1211"},{"taxonomy":"post_tag","embeddable":true,"href":"https:\/\/fleschmazowsza.com.pl\/index.php?rest_route=%2Fwp%2Fv2%2Ftags&post=1211"}],"curies":[{"name":"wp","href":"https:\/\/api.w.org\/{rel}","templated":true}]}}