{"id":1198,"date":"2017-04-19T12:50:52","date_gmt":"2017-04-19T11:50:52","guid":{"rendered":"http:\/\/fleschmazowsza.com.pl\/?p=1198"},"modified":"2017-04-19T12:50:52","modified_gmt":"2017-04-19T11:50:52","slug":"metropolia-czyli-tzw-dekret-sasina","status":"publish","type":"post","link":"https:\/\/fleschmazowsza.com.pl\/?p=1198","title":{"rendered":"Metropolia czyli tzw. \u201eDekret Sasina\u201d"},"content":{"rendered":"<p><strong>Przeprowadzone przy udziale blisko 47% uprawionych do g\u0142osowania referendum w Legionowie wojewoda mazowiecki z PiS pr\u00f3bowa\u0142 uwik\u0142a\u0107 w biurokratyczne procedury. Tymczasem inne podsto\u0142eczne gminy tak\u017ce planuj\u0105 referenda. Pomys\u0142odawcy rozszerzenia Warszawy przeprowadzaj\u0105 pseudo ankiet\u0119.<\/strong><\/p>\n<p>\u201eJestem zadowolony, \u017ce protok\u00f3\u0142 wyniku referendum w Legionowie w ko\u0144cu zosta\u0142 opublikowany przez Wojewod\u0119 Mazowieckiego. Jednocze\u015bnie chcia\u0142bym wyrazi\u0107 oburzenie tre\u015bci\u0105 o\u015bwiadczenia Wojewody, kt\u00f3ry zwyk\u0142\u0105, techniczn\u0105 czynno\u015b\u0107, jak\u0105 jest publikacja protoko\u0142u w Dzienniku Urz\u0119dowym, pr\u00f3buje zmieni\u0107 w walk\u0119 polityczn\u0105.\u201d \u2013 pisze na stronie samorz\u0105du legionowskiego Roman Smogorzewski prezydent miasta.<\/p>\n<p style=\"text-align: center;\"><strong>Da\u0142o przyk\u0142ad Legionowo<\/strong><\/p>\n<p>Przypomnijmy 26 marca odby\u0142o si\u0119 w Legionowie referendum, w kt\u00f3rym mieszka\u0144cy odpowiedzieli na pytanie: . \u201eCzy jest Pan\/Pani za tym, \u017ceby m. st. Warszawa jako metropolitalna jednostka samorz\u0105du terytorialnego, obj\u0119\u0142a Gmin\u0119 Miejsk\u0105 Legionowo?\u201d. Wzi\u0119\u0142o w nim udzia\u0142 prawie 18 tys. os\u00f3b czyli ponad 46% mieszka\u0144c\u00f3w Legionowa, a ponad 94% z nich powiedzia\u0142o NIE projektowi ustawy metropolitalnej Prawa i Sprawiedliwo\u015bci.<\/p>\n<p>Wojewoda Zdzis\u0142aw Sipiera dopiero 4 kwietnia przyj\u0105\u0142 protok\u00f3\u0142 z Komisji ds. Referendum w Legionowie. Wcze\u015bniej wskazywa\u0142 na to, \u017ce \u201eakty (r\u00f3wnie\u017c protoko\u0142y) do publikacji w dzienniku wojew\u00f3dzkim musz\u0105 by\u0107 przekazywane w formie dokumentu elektronicznego.\u201d<\/p>\n<p style=\"text-align: center;\"><strong>Spo\u0142eczna mobilizacja<\/strong><\/p>\n<p>Przypomnijmy, \u017ce referendum lokalne w tej samej sprawie zaplanowano na 2 kwietnia w Podkowie Le\u015bnej. Wojewoda mazowiecki uniewa\u017cni\u0142 uchwa\u0142\u0119 podkowia\u0144skich radnych. W trakcie spotkania z mieszka\u0144cami w \u015brod\u0119 22 marca Artur Tusi\u0144ski burmistrz Podkowy przedstawi\u0142 histori\u0119 konsultacji w tej sprawie. Zauwa\u017cy\u0142, \u017ce po powstaniu \u201emegastolicy\u201d zap\u0142acone zostanie wi\u0119ksze \u201eJanosikowe\u201d a Podkowa Le\u015bna du\u017co straci. Grupa podkowian wysz\u0142a z inicjatyw\u0105 rozpisania lokalnego referendum.<\/p>\n<p>Spo\u0142eczna mobilizacja bardzo szybko przynios\u0142a efekty. Do ko\u0144ca marca zebrano ponad 1000 podpis\u00f3w (trzykrotnie wi\u0119cej od wymaganej ilo\u015bci) pod wnioskiem o przeprowadzenie referendum lokalnego w sprawie \u201ewielkiej Warszawy\u201d.<\/p>\n<p>Ostatecznie zdecydowano o dw\u00f3ch pytaniach referendalnych. Pierwsze: \u201eCzy jeste\u015b za utrzymaniem samodzielno\u015bci Podkowy Le\u015bnej jako odr\u0119bnej jednostki samorz\u0105du terytorialnego z dotychczasowymi kompetencjami samorz\u0105dowymi?\u201d. Drugie: \u201eCzy jeste\u015b za tym, aby Podkowa Le\u015bna na zasadzie dobrowolno\u015bci zacie\u015bnia\u0142a w interesie mieszka\u0144c\u00f3w wsp\u00f3\u0142prac\u0119 z samorz\u0105dami Warszawy i otaczaj\u0105cych j\u0105 gmin?\u201d.<\/p>\n<p style=\"text-align: center;\"><strong>Konsultacje, konsultacjom nier\u00f3wne<\/strong><\/p>\n<p>Nast\u0119pny krok nale\u017cy do rady gminy, kt\u00f3ra podejmie uchwa\u0142\u0119 o referendum z inicjatywy mieszka\u0144c\u00f3w i okre\u015bli jego dat\u0119. Podobna akcja mieszka\u0144c\u00f3w odbywa si\u0119 w Raszynie oraz w Pruszkowie gdzie potrzeba a\u017c 4,5 tys. podpis\u00f3w pod wnioskiem. Formularze mo\u017cna pobra\u0107 z biura rady miejskiej, wkr\u00f3tce b\u0119d\u0105 one dost\u0119pne tak\u017ce na stronie internetowej pruszkowskiego urz\u0119du.<\/p>\n<p>Tymczasem autor projektu kontrowersyjnej ustawy pose\u0142 PiS Jacek Sasin zamierza konsultowa\u0107 z mieszka\u0144cami podwarszawskich miejscowo\u015bci w\u0142\u0105czenie ich gmin do Warszawskiej metropolii. Konsultacje b\u0119dzie przeprowadza\u0142 g\u0142\u00f3wnie w parafiach, targowiskach, stacjach metra, PKP i WKD.<\/p>\n<p>Ze szczeg\u00f3\u0142ami konsultacji, kt\u00f3re przeprowadza Prawo i Sprawiedliwo\u015b\u0107 mo\u017cna si\u0119 zapozna\u0107 na stronie http:\/\/konsultacjemetropolia.pl\/<\/p>\n<p><em>\u201eKonsultacje spo\u0142eczne\u201d poselskiego projektu ustawy o metropolii warszawskiej, tzw. DekretSasina s\u0105 nierzetelne, prowadzone w spos\u00f3b nieprofesjonalny i pozbawiony dialogu z mieszka\u0144cami i samorz\u0105dowcami.\u201d<\/em> \u2013 czytamy na stronie internetowej sto\u0142ecznego ratusza.<\/p>\n<p>31 marca Rada Gminy Niepor\u0119t (powiat legionowski) podj\u0119\u0142a uchwa\u0142\u0119 ws. przeprowadzenia w dn. 14 maja referendum gminnego dotycz\u0105cego obj\u0119cia obszaru gminy metropolitarn\u0105 jednostk\u0105 terytorialn\u0105 pod nazw\u0105 \u201emiasto st. Warszawa\u201d.<\/p>\n<p style=\"text-align: right;\"><strong>Marcin Gizi\u0144ski<\/strong><\/p>\n<p style=\"text-align: right;\"><em>Fot. <strong>google maps<\/strong><\/em><\/p>\n","protected":false},"excerpt":{"rendered":"<p>Przeprowadzone przy udziale blisko 47% uprawionych do g\u0142osowania referendum w Legionowie wojewoda mazowiecki z PiS pr\u00f3bowa\u0142 uwik\u0142a\u0107 w biurokratyczne procedury. Tymczasem inne podsto\u0142eczne gminy tak\u017ce planuj\u0105 referenda. Pomys\u0142odawcy rozszerzenia Warszawy przeprowadzaj\u0105 pseudo ankiet\u0119. \u201eJestem zadowolony, \u017ce protok\u00f3\u0142 wyniku referendum w Legionowie w ko\u0144cu zosta\u0142 opublikowany przez Wojewod\u0119 Mazowieckiego. Jednocze\u015bnie chcia\u0142bym wyrazi\u0107 oburzenie tre\u015bci\u0105 o\u015bwiadczenia Wojewody, [&hellip;]<\/p>\n","protected":false},"author":2,"featured_media":1199,"comment_status":"closed","ping_status":"open","sticky":false,"template":"","format":"standard","meta":{"footnotes":""},"categories":[5],"tags":[],"class_list":["post-1198","post","type-post","status-publish","format-standard","has-post-thumbnail","hentry","category-wiadomosci"],"_links":{"self":[{"href":"https:\/\/fleschmazowsza.com.pl\/index.php?rest_route=\/wp\/v2\/posts\/1198","targetHints":{"allow":["GET"]}}],"collection":[{"href":"https:\/\/fleschmazowsza.com.pl\/index.php?rest_route=\/wp\/v2\/posts"}],"about":[{"href":"https:\/\/fleschmazowsza.com.pl\/index.php?rest_route=\/wp\/v2\/types\/post"}],"author":[{"embeddable":true,"href":"https:\/\/fleschmazowsza.com.pl\/index.php?rest_route=\/wp\/v2\/users\/2"}],"replies":[{"embeddable":true,"href":"https:\/\/fleschmazowsza.com.pl\/index.php?rest_route=%2Fwp%2Fv2%2Fcomments&post=1198"}],"version-history":[{"count":2,"href":"https:\/\/fleschmazowsza.com.pl\/index.php?rest_route=\/wp\/v2\/posts\/1198\/revisions"}],"predecessor-version":[{"id":1201,"href":"https:\/\/fleschmazowsza.com.pl\/index.php?rest_route=\/wp\/v2\/posts\/1198\/revisions\/1201"}],"wp:featuredmedia":[{"embeddable":true,"href":"https:\/\/fleschmazowsza.com.pl\/index.php?rest_route=\/wp\/v2\/media\/1199"}],"wp:attachment":[{"href":"https:\/\/fleschmazowsza.com.pl\/index.php?rest_route=%2Fwp%2Fv2%2Fmedia&parent=1198"}],"wp:term":[{"taxonomy":"category","embeddable":true,"href":"https:\/\/fleschmazowsza.com.pl\/index.php?rest_route=%2Fwp%2Fv2%2Fcategories&post=1198"},{"taxonomy":"post_tag","embeddable":true,"href":"https:\/\/fleschmazowsza.com.pl\/index.php?rest_route=%2Fwp%2Fv2%2Ftags&post=1198"}],"curies":[{"name":"wp","href":"https:\/\/api.w.org\/{rel}","templated":true}]}}