{"id":1191,"date":"2017-04-19T12:39:56","date_gmt":"2017-04-19T11:39:56","guid":{"rendered":"http:\/\/fleschmazowsza.com.pl\/?p=1191"},"modified":"2017-04-19T12:43:22","modified_gmt":"2017-04-19T11:43:22","slug":"mieszkancy-podkowy-chca-odwolac-staroste","status":"publish","type":"post","link":"https:\/\/fleschmazowsza.com.pl\/?p=1191","title":{"rendered":"Mieszka\u0144cy Podkowy chc\u0105 odwo\u0142a\u0107 starost\u0119!"},"content":{"rendered":"<p><strong>W Podkowie Le\u015bnej rozpocz\u0119\u0142a si\u0119 zbi\u00f3rka podpis\u00f3w pod wnioskiem o odwo\u0142anie starosty grodziskiego, Marka Wie\u017cbickiego. Mieszka\u0144cy zarzucaj\u0105 staro\u015bcie, \u017ce blokuje podkowia\u0144skie inwestycje drogowe.<\/strong><\/p>\n<p style=\"text-align: center;\"><strong>Wniosek mieszka\u0144c\u00f3w Podkowy Le\u015bnej<\/strong><\/p>\n<p>Mieszka\u0144cy Podkowy Le\u015bnej przygotowali wniosek do radnych Rady Powiatu Grodziskiego o podj\u0119cie inicjatywy w sprawie przyj\u0119cia uchwa\u0142y o odwo\u0142anie starosty grodziskiego, Marka Wie\u017cbickiego. Powodem dla kt\u00f3rego podkowianie chc\u0105 odwo\u0142ania starosty jest trwaj\u0105cy od d\u0142u\u017cszego czasu konflikt dotycz\u0105cy dr\u00f3g w Mie\u015bcie Ogrodzie. Pod wnioskiem mieszka\u0144cy Podkowy Le\u015bnej zbieraj\u0105 podpisy.<\/p>\n<p>My, mieszka\u0144cy Podkowy Le\u015bnej, mamy prawo do mieszkania w godnych warunkach \u2013 doj\u015bcia i dojazdu do w\u0142asnych posesji z poszanowaniem historycznego uk\u0142adu urbanistycznego Miasta Ogrodu wpisanego do rejestru zabytk\u00f3w. (\u2026) Starosta Marek Wie\u017cbicki pe\u0142ni t\u0105 funkcj\u0119 nieprzerwanie od 2004 roku \u2013 w tym czasie ze strony Starostwa \u2013 poprzez wydawanie negatywnych opinii komunikacyjnych dla projekt\u00f3w drogowych \u2013 zablokowany zosta\u0142 zr\u00f3wnowa\u017cony i nowoczesny rozw\u00f3j naszego miasta w kwestii rozwi\u0105za\u0144 drogowych: bezpiecznych, wygodnych, uzgodnionych w konsultacjach ze spo\u0142eczno\u015bci\u0105 lokaln\u0105. (&#8230;). Podkowa Le\u015bna to nie \u015bciernisko, tu nikt nie chce wytycza\u0107 i budowa\u0107 nowych dr\u00f3g lub autostrad, my chcemy przebudowy istniej\u0105cych ulic i wprowadzenia nowoczesnej, przyjaznej mieszka\u0144com organizacji ruchu. Od kilkunastu lat s\u0142yszymy od Starosty Wie\u017cbickiego te same argumenty: nasze drogi s\u0105 za w\u0105skie i nie spe\u0142niaj\u0105 warunk\u00f3w technicznych, nie mamy tr\u00f3jk\u0105t\u00f3w widoczno\u015bci, przeszkod\u0105 jest przydro\u017cny starodrzew, ostatnio nawet rzekomy \u201egrunt rodzimy\u201d. Prawdziw\u0105 przeszkod\u0105 jest z\u0142e zarz\u0105dzanie i brak nadzoru Starosty nad urz\u0119dnikami. (\u2026) My, mieszka\u0144cy Podkowy Le\u015bnej m\u00f3wimy DO\u015a\u0106! (\u2026) &#8211; czytamy we wniosku.<\/p>\n<p style=\"text-align: center;\"><strong>Starosta chce wsp\u00f3\u0142pracowa\u0107<\/strong><\/p>\n<p>Marek Wie\u017cbicki, Starosta Powiatu Grodziskiego, odpiera zarzuty.<\/p>\n<p>\u2013 Jako starosta jestem zobowi\u0105zany do wydawania decyzji uwzgl\u0119dniaj\u0105cych obowi\u0105zuj\u0105ce przepisy prawa czy to w dziedzinie dr\u00f3g czy innych spraw. Oznacza to tyle, \u017ce rozwi\u0105zania zastosowane w projektach drogowych przedstawionych Starostwu do zaopiniowania musz\u0105 pokrywa\u0107 si\u0119 z Rozporz\u0105dzeniem Ministra Transportu w sprawie szczeg\u00f3\u0142owych warunk\u00f3w zarz\u0105dzania ruchem na drogach oraz wykonywania nadzoru nad tym zarz\u0105dzaniem. Jednak sk\u0142adane przed Podkow\u0119 Le\u015bn\u0105 projekty nowej organizacji ruchu zawiera\u0142y rozwi\u0105zania niezgodne z tymi wytycznymi, dlatego zosta\u0142y zaopiniowane negatywnie \u2013 m\u00f3wi Marek Wie\u017cbicki.<\/p>\n<p>Starosta grodziski wyra\u017ca ch\u0119\u0107 przeprowadzenia wsp\u00f3lnej analizy z\u0142o\u017conych przez miasto Podkowa Le\u015bna wniosk\u00f3w i wydanych przez starostwo opinii komunikacyjnych z udzia\u0142em merytorycznych przedstawicieli, projektanta i niezale\u017cnego audytora bezpiecze\u0144stwa ruchu drogowego. W tej sprawie, jeszcze w kwietniu, zorganizowane ma zosta\u0107 spotkanie mi\u0119dzy Burmistrzem Podkowy Le\u015bnej Arturem Tusi\u0144skim a Starost\u0105 Powiatu Grodziskiego Markiem Wie\u017cbickim.<\/p>\n<p style=\"text-align: right;\"><strong>Kinga Rochalska<\/strong><\/p>\n","protected":false},"excerpt":{"rendered":"<p>W Podkowie Le\u015bnej rozpocz\u0119\u0142a si\u0119 zbi\u00f3rka podpis\u00f3w pod wnioskiem o odwo\u0142anie starosty grodziskiego, Marka Wie\u017cbickiego. Mieszka\u0144cy zarzucaj\u0105 staro\u015bcie, \u017ce blokuje podkowia\u0144skie inwestycje drogowe. Wniosek mieszka\u0144c\u00f3w Podkowy Le\u015bnej Mieszka\u0144cy Podkowy Le\u015bnej przygotowali wniosek do radnych Rady Powiatu Grodziskiego o podj\u0119cie inicjatywy w sprawie przyj\u0119cia uchwa\u0142y o odwo\u0142anie starosty grodziskiego, Marka Wie\u017cbickiego. Powodem dla kt\u00f3rego podkowianie chc\u0105 [&hellip;]<\/p>\n","protected":false},"author":2,"featured_media":1192,"comment_status":"closed","ping_status":"open","sticky":false,"template":"","format":"standard","meta":{"footnotes":""},"categories":[5],"tags":[],"class_list":["post-1191","post","type-post","status-publish","format-standard","has-post-thumbnail","hentry","category-wiadomosci"],"_links":{"self":[{"href":"https:\/\/fleschmazowsza.com.pl\/index.php?rest_route=\/wp\/v2\/posts\/1191","targetHints":{"allow":["GET"]}}],"collection":[{"href":"https:\/\/fleschmazowsza.com.pl\/index.php?rest_route=\/wp\/v2\/posts"}],"about":[{"href":"https:\/\/fleschmazowsza.com.pl\/index.php?rest_route=\/wp\/v2\/types\/post"}],"author":[{"embeddable":true,"href":"https:\/\/fleschmazowsza.com.pl\/index.php?rest_route=\/wp\/v2\/users\/2"}],"replies":[{"embeddable":true,"href":"https:\/\/fleschmazowsza.com.pl\/index.php?rest_route=%2Fwp%2Fv2%2Fcomments&post=1191"}],"version-history":[{"count":5,"href":"https:\/\/fleschmazowsza.com.pl\/index.php?rest_route=\/wp\/v2\/posts\/1191\/revisions"}],"predecessor-version":[{"id":1197,"href":"https:\/\/fleschmazowsza.com.pl\/index.php?rest_route=\/wp\/v2\/posts\/1191\/revisions\/1197"}],"wp:featuredmedia":[{"embeddable":true,"href":"https:\/\/fleschmazowsza.com.pl\/index.php?rest_route=\/wp\/v2\/media\/1192"}],"wp:attachment":[{"href":"https:\/\/fleschmazowsza.com.pl\/index.php?rest_route=%2Fwp%2Fv2%2Fmedia&parent=1191"}],"wp:term":[{"taxonomy":"category","embeddable":true,"href":"https:\/\/fleschmazowsza.com.pl\/index.php?rest_route=%2Fwp%2Fv2%2Fcategories&post=1191"},{"taxonomy":"post_tag","embeddable":true,"href":"https:\/\/fleschmazowsza.com.pl\/index.php?rest_route=%2Fwp%2Fv2%2Ftags&post=1191"}],"curies":[{"name":"wp","href":"https:\/\/api.w.org\/{rel}","templated":true}]}}