{"id":1188,"date":"2017-04-19T12:33:35","date_gmt":"2017-04-19T11:33:35","guid":{"rendered":"http:\/\/fleschmazowsza.com.pl\/?p=1188"},"modified":"2017-04-19T12:33:35","modified_gmt":"2017-04-19T11:33:35","slug":"kryzys-jest-szansa","status":"publish","type":"post","link":"https:\/\/fleschmazowsza.com.pl\/?p=1188","title":{"rendered":"\u201eKRYZYS JEST SZANS\u0104\u201d"},"content":{"rendered":"<p><strong>\u015arodowiskowy O\u015brodek Pomocy Spo\u0142ecznej w Brwinowie zorganizowa\u0142 inspiruj\u0105ce spotkanie. Zaproszonym go\u015bciem by\u0142a Ilona Felicja\u0144ska, znana wi\u0119kszo\u015bci z nas posta\u0107 medialna, top-modelka, \u201ecelebrytka\u201d \u2013 a jednocze\u015bnie autorka ksi\u0105\u017cek o d\u0105\u017ceniu do lepszego \u017cycia, zaanga\u017cowana w pomoc osobom uzale\u017cnionym i ofiarom przemocy.<\/strong><\/p>\n<p>Ciep\u0142o, bezpo\u015brednio\u015b\u0107, otwarto\u015b\u0107 \u2013 w takiej oto atmosferze up\u0142yn\u0119\u0142a oko\u0142o 2-godzinna rozmowa. Ilona Felicja\u0144ska opowiedzia\u0142a, z imponuj\u0105c\u0105 szczero\u015bci\u0105, o swoich trudnych do\u015bwiadczeniach \u017cyciowych, kt\u00f3re uczyni\u0142y j\u0105 \u017cywym przyk\u0142adem, \u017ce powa\u017cny kryzys osobisty lub zawodowy, kt\u00f3ry pocz\u0105tkowo wydaje si\u0119 katastrof\u0105, mo\u017ce stanowi\u0107 punkt wyj\u015bcia do pomy\u015blnych i wa\u017cnych zmian w \u017cyciu.<\/p>\n<p>\u201eProblemy s\u0105 do\u015bwiadczeniami, wydobywaj\u0105 z nas m\u0105dro\u015b\u0107\u201d \u2013 to zdanie chyba najlepiej oddaje przes\u0142anie spotkania. Czasami bywa to m\u0105dro\u015b\u0107 gorzka. Powa\u017cny kryzys \u017cyciowy niejednokrotnie pokazuje \u201ekto jest kim w naszym \u017cyciu\u201d, poci\u0105ga za sob\u0105 koniec dotychczasowych przyja\u017ani i znajomo\u015bci. \u201eW trudnych momentach nast\u0119puje rotacja\u201d \u2013 m\u00f3wi Ilona Felicja\u0144ska. Warto wi\u0119c by\u0107 otwartym na nowe relacje z lud\u017ami, bo takie r\u00f3wnie\u017c si\u0119 pojawi\u0105 i przynios\u0105 co\u015b warto\u015bciowego. \u201eW \u017cyciu nie ma przypadk\u00f3w, osoba kt\u00f3r\u0105 poznajemy na d\u0142u\u017cej lub na chwil\u0119, pojawia si\u0119 po co\u015b\u201d.<\/p>\n<p>Co wi\u0119cej, w kontaktach z lud\u017ami wa\u017cne jest, aby \u201enie ocenia\u0107 nikogo za nic\u201d, \u201euczy\u0107 si\u0119 patrze\u0107 na kogo\u015b, nie generuj\u0105c \u017cadnej my\u015bli\u201d. Rozmawia\u0107 z lud\u017ami, m\u00f3wi\u0107 im dobre rzeczy, \u201ejakkolwiek si\u0119 zbli\u017cy\u0107 w tych czasach\u201d. Trzeba przyzna\u0107, \u017ce sama Felicja\u0144ska stosuje si\u0119 do tych zasad, ma dar skracania dystansu pomi\u0119dzy lud\u017ami w ci\u0105gu pierwszych sekund kontaktu.<\/p>\n<p>Aby w krytycznym momencie odzyska\u0107 wp\u0142yw na swoje \u017cycie, musimy wiedzie\u0107 czego chcemy. \u201eGdy wiemy czego chcemy, mo\u017cemy wykreowa\u0107 swoje \u017cycie\u201d. To warunek konieczny, ale ci\u0105gle niewystarczaj\u0105cy. \u201eTrudno wierzy\u0107, w to co ja chc\u0119, dop\u00f3ki nie mam poczucia w\u0142asnej warto\u015bci\u201d \u2013 m\u00f3wi Ilona Felicja\u0144ska. Dlatego stworzy\u0142a Instytut Mi\u0142o\u015bci \u2013 przestrze\u0144 przeznaczon\u0105 dla kobiet, kt\u00f3re maj\u0105 w sobie niedostatek owej dobrze poj\u0119tej \u201emi\u0142o\u015bci w\u0142asnej\u201d.<\/p>\n<p>W ramach \u201eInstytutu Mi\u0142o\u015bci\u201d ruszy\u0142a kampania spo\u0142eczna \u201eNiezale\u017cne\u201d. Jej zadaniem jest wspieranie kobiet, kt\u00f3re zetkn\u0119\u0142y si\u0119 w swoim \u017cyciu z uzale\u017cnieniem: od u\u017cywek, od zwi\u0105zk\u00f3w czy te\u017c cierpi\u0105cych na zaburzenia od\u017cywiania. Aby zapozna\u0107 si\u0119 z tym projektem Ilona Felicja\u0144ska zaprasza na swoj\u0105 stron\u0119 <a href=\"http:\/\/www.instytutmilosci.pl\/\">www.instytutmilosci.pl<\/a>, by\u0107 mo\u017ce odwiedzenie jej stanie si\u0119 inspiracj\u0105 do zmiany. Zdaniem Felicja\u0144skiej s\u0105 takie momenty, kiedy kobieta musi zadba\u0107 przede wszystkim o siebie \u2013 \u201ew spadaj\u0105cym samolocie matka zak\u0142ada mask\u0119 tlenow\u0105 najpierw sobie, potem dziecku\u201d, inaczej mo\u017ce nie by\u0107 w stanie mu pom\u00f3c.<\/p>\n<p>W dzisiejszych czasach zanik\u0142y ju\u017c rytua\u0142y, kt\u00f3re zapewnia\u0142y kobietom wsp\u00f3lne rozmowy i wsparcie. \u201eKiedy\u015b kobiety dar\u0142y pierze, depta\u0142y kapust\u0119 i m\u00f3wi\u0142y, a teraz siedzimy same\u201d \u2013 stwierdza Felicja\u0144ska. Dlatego te\u017c stworzy\u0142a grup\u0119 samopomocow\u0105 dla kobiet, kt\u00f3re do\u015bwiadczaj\u0105 jakiego\u015b rodzaju uzale\u017cnienia, pozostaj\u0105 w zwi\u0105zkach przemocowych albo w inny spos\u00f3b nie radz\u0105 sobie z \u017cyciem. Jak powiedzia\u0142a, jest to \u201eprzestrze\u0144, gdzie mo\u017cna si\u0119 wyp\u0142aka\u0107\u201d. Grupa, z udzia\u0142em Ilony Felicja\u0144skiej, spotyka si\u0119 raz w tygodniu na 2 godziny, obecnie w ka\u017cdy wtorek o godz. 18.00, w Centrum Praw Kobiet w Warszawie przy ul. Pi\u0119knej 66 a, mo\u017cna do niej do\u0142\u0105czy\u0107.<\/p>\n<p>\u201eNie \u017ca\u0142uj\u0119 niczego. Nic bym nie zmieni\u0142a, nawet jednej rzeczy, bo jestem w momencie, gdy jestem szcz\u0119\u015bliwa\u201d \u2013 wyznaje Felicja\u0144ska. Tytu\u0142 jej najnowszej ksi\u0105\u017cki &#8211; \u201eZna\u00adla\u00adz\u0142am klucz do szcz\u0119\u00ad\u015bcia\u201d &#8211; m\u00f3wi sam za siebie. Z perspektywy czasu wida\u0107, \u017ce r\u00f3wnie\u017c najtrudniejsze wydarzenia w naszym \u017cyciu by\u0142y elementami splotu okoliczno\u015bci, kt\u00f3ry doprowadzi\u0142 nas do obecnego punktu. \u201eCzy dotar\u0142abym inaczej do tego momentu?\u201d<\/p>\n<p style=\"text-align: right;\">Tekst i foto:<\/p>\n<p style=\"text-align: right;\"><strong>Sylwia Pa\u0144k\u00f3w<\/strong><\/p>\n","protected":false},"excerpt":{"rendered":"<p>\u015arodowiskowy O\u015brodek Pomocy Spo\u0142ecznej w Brwinowie zorganizowa\u0142 inspiruj\u0105ce spotkanie. Zaproszonym go\u015bciem by\u0142a Ilona Felicja\u0144ska, znana wi\u0119kszo\u015bci z nas posta\u0107 medialna, top-modelka, \u201ecelebrytka\u201d \u2013 a jednocze\u015bnie autorka ksi\u0105\u017cek o d\u0105\u017ceniu do lepszego \u017cycia, zaanga\u017cowana w pomoc osobom uzale\u017cnionym i ofiarom przemocy. Ciep\u0142o, bezpo\u015brednio\u015b\u0107, otwarto\u015b\u0107 \u2013 w takiej oto atmosferze up\u0142yn\u0119\u0142a oko\u0142o 2-godzinna rozmowa. Ilona Felicja\u0144ska opowiedzia\u0142a, [&hellip;]<\/p>\n","protected":false},"author":2,"featured_media":1189,"comment_status":"closed","ping_status":"open","sticky":false,"template":"","format":"standard","meta":{"footnotes":""},"categories":[9,8],"tags":[],"class_list":["post-1188","post","type-post","status-publish","format-standard","has-post-thumbnail","hentry","category-edukacja","category-roznosci"],"_links":{"self":[{"href":"https:\/\/fleschmazowsza.com.pl\/index.php?rest_route=\/wp\/v2\/posts\/1188","targetHints":{"allow":["GET"]}}],"collection":[{"href":"https:\/\/fleschmazowsza.com.pl\/index.php?rest_route=\/wp\/v2\/posts"}],"about":[{"href":"https:\/\/fleschmazowsza.com.pl\/index.php?rest_route=\/wp\/v2\/types\/post"}],"author":[{"embeddable":true,"href":"https:\/\/fleschmazowsza.com.pl\/index.php?rest_route=\/wp\/v2\/users\/2"}],"replies":[{"embeddable":true,"href":"https:\/\/fleschmazowsza.com.pl\/index.php?rest_route=%2Fwp%2Fv2%2Fcomments&post=1188"}],"version-history":[{"count":1,"href":"https:\/\/fleschmazowsza.com.pl\/index.php?rest_route=\/wp\/v2\/posts\/1188\/revisions"}],"predecessor-version":[{"id":1190,"href":"https:\/\/fleschmazowsza.com.pl\/index.php?rest_route=\/wp\/v2\/posts\/1188\/revisions\/1190"}],"wp:featuredmedia":[{"embeddable":true,"href":"https:\/\/fleschmazowsza.com.pl\/index.php?rest_route=\/wp\/v2\/media\/1189"}],"wp:attachment":[{"href":"https:\/\/fleschmazowsza.com.pl\/index.php?rest_route=%2Fwp%2Fv2%2Fmedia&parent=1188"}],"wp:term":[{"taxonomy":"category","embeddable":true,"href":"https:\/\/fleschmazowsza.com.pl\/index.php?rest_route=%2Fwp%2Fv2%2Fcategories&post=1188"},{"taxonomy":"post_tag","embeddable":true,"href":"https:\/\/fleschmazowsza.com.pl\/index.php?rest_route=%2Fwp%2Fv2%2Ftags&post=1188"}],"curies":[{"name":"wp","href":"https:\/\/api.w.org\/{rel}","templated":true}]}}