{"id":1185,"date":"2017-04-19T12:13:42","date_gmt":"2017-04-19T11:13:42","guid":{"rendered":"http:\/\/fleschmazowsza.com.pl\/?p=1185"},"modified":"2017-04-19T12:13:42","modified_gmt":"2017-04-19T11:13:42","slug":"wiecej-sklepow-i-restauracji","status":"publish","type":"post","link":"https:\/\/fleschmazowsza.com.pl\/?p=1185","title":{"rendered":"Wi\u0119cej sklep\u00f3w i restauracji"},"content":{"rendered":"<p><strong>W Jankach zacz\u0119\u0142a si\u0119 rozbudowa centrum handlowego przy trasie katowickiej. Przyb\u0119dzie dodatkowe 70 sklep\u00f3w. Do tej pory najwi\u0119kszym centrum handlowym w Polsce by\u0142a Arkadia. Powierzchnia handlowa tego obiektu wynosi 110 tys. m kw. Nied\u0142ugo dor\u00f3wna\u0107 jej ma Centrum Handlowe w Jankach.<\/strong><\/p>\n<p>&#8211; Nowa galeria jest planowana z przodu budynku na terenie istniej\u0105cego parkingu naziemnego. Jednocze\u015bnie budujemy parking podziemny, wi\u0119c liczba miejsc parkingowych pozostanie bez zmian &#8211; informuje Marlena Ca\u0142ka z firmy Cromwell Property Group.<\/p>\n<p>Inwestycja przewiduje budow\u0119 skrzyd\u0142a zaprojektowanego przez pracowni\u0119 IMB Asymetria z Krakowa. B\u0119dzie mie\u0107 powierzchni\u0119 21 tys. m kw. podzielon\u0105 na 71 sklep\u00f3w. 70 proc. powierzchni jest ju\u017c wynaj\u0119te, m.in. na sklepy sieci Zara, Reserved, Rossman, a tak\u017ce restauracj\u0119 Pizza Hut i kawiarni\u0119 Costa Coffee.<\/p>\n<p>CH Janki jest jednym z pierwszych centr\u00f3w handlowych w Polsce. Obecnie centrum posiada 46 tys. m kw. powierzchni. To jeden z najwi\u0119kszych obiekt\u00f3w w po\u0142udniowej cz\u0119\u015bci Warszawy. Powsta\u0142o w 1999 roku, a w\u015br\u00f3d najemc\u00f3w s\u0105 takie marki, jak Auchan, H&amp;M, C&amp;A, Nike\/Adidas, CCC czy Go Sport. Rozbudowa poch\u0142onie prawie 300 mln z\u0142. Ma si\u0119 zako\u0144czy\u0107 na wiosn\u0119 2019 r., prawie dok\u0142adnie w 20 rocznic\u0119 od zbudowania centrum handlowego. B\u0119dzie w\u00f3wczas oferowa\u0107 ok. 100 tys. m kw. powierzchni najmu.<\/p>\n<p style=\"text-align: right;\"><strong>Ewelina Wielgat<\/strong><\/p>\n<p style=\"text-align: right;\"><em>Fot.<\/em> <em><strong>IMB Asymetria Janki<\/strong><\/em><\/p>\n","protected":false},"excerpt":{"rendered":"<p>W Jankach zacz\u0119\u0142a si\u0119 rozbudowa centrum handlowego przy trasie katowickiej. Przyb\u0119dzie dodatkowe 70 sklep\u00f3w. Do tej pory najwi\u0119kszym centrum handlowym w Polsce by\u0142a Arkadia. Powierzchnia handlowa tego obiektu wynosi 110 tys. m kw. Nied\u0142ugo dor\u00f3wna\u0107 jej ma Centrum Handlowe w Jankach. &#8211; Nowa galeria jest planowana z przodu budynku na terenie istniej\u0105cego parkingu naziemnego. Jednocze\u015bnie [&hellip;]<\/p>\n","protected":false},"author":2,"featured_media":1186,"comment_status":"closed","ping_status":"open","sticky":false,"template":"","format":"standard","meta":{"footnotes":""},"categories":[8,5],"tags":[],"class_list":["post-1185","post","type-post","status-publish","format-standard","has-post-thumbnail","hentry","category-roznosci","category-wiadomosci"],"_links":{"self":[{"href":"https:\/\/fleschmazowsza.com.pl\/index.php?rest_route=\/wp\/v2\/posts\/1185","targetHints":{"allow":["GET"]}}],"collection":[{"href":"https:\/\/fleschmazowsza.com.pl\/index.php?rest_route=\/wp\/v2\/posts"}],"about":[{"href":"https:\/\/fleschmazowsza.com.pl\/index.php?rest_route=\/wp\/v2\/types\/post"}],"author":[{"embeddable":true,"href":"https:\/\/fleschmazowsza.com.pl\/index.php?rest_route=\/wp\/v2\/users\/2"}],"replies":[{"embeddable":true,"href":"https:\/\/fleschmazowsza.com.pl\/index.php?rest_route=%2Fwp%2Fv2%2Fcomments&post=1185"}],"version-history":[{"count":1,"href":"https:\/\/fleschmazowsza.com.pl\/index.php?rest_route=\/wp\/v2\/posts\/1185\/revisions"}],"predecessor-version":[{"id":1187,"href":"https:\/\/fleschmazowsza.com.pl\/index.php?rest_route=\/wp\/v2\/posts\/1185\/revisions\/1187"}],"wp:featuredmedia":[{"embeddable":true,"href":"https:\/\/fleschmazowsza.com.pl\/index.php?rest_route=\/wp\/v2\/media\/1186"}],"wp:attachment":[{"href":"https:\/\/fleschmazowsza.com.pl\/index.php?rest_route=%2Fwp%2Fv2%2Fmedia&parent=1185"}],"wp:term":[{"taxonomy":"category","embeddable":true,"href":"https:\/\/fleschmazowsza.com.pl\/index.php?rest_route=%2Fwp%2Fv2%2Fcategories&post=1185"},{"taxonomy":"post_tag","embeddable":true,"href":"https:\/\/fleschmazowsza.com.pl\/index.php?rest_route=%2Fwp%2Fv2%2Ftags&post=1185"}],"curies":[{"name":"wp","href":"https:\/\/api.w.org\/{rel}","templated":true}]}}