{"id":1171,"date":"2017-04-18T12:47:51","date_gmt":"2017-04-18T11:47:51","guid":{"rendered":"http:\/\/fleschmazowsza.com.pl\/?p=1171"},"modified":"2017-04-18T12:47:51","modified_gmt":"2017-04-18T11:47:51","slug":"ursus-prokuratura-bada-sprawe-rozbiorki-zabytkowych-hal-fabryki-traktorow","status":"publish","type":"post","link":"https:\/\/fleschmazowsza.com.pl\/?p=1171","title":{"rendered":"URSUS. Prokuratura bada spraw\u0119 rozbi\u00f3rki zabytkowych hal fabryki traktor\u00f3w"},"content":{"rendered":"<p><strong>Powiatowy Inspektorat Nadzoru Budowlanego zg\u0142osi\u0142 do prokuratury spraw\u0119 niezgodnej, zdaniem organu, z prawem rozbi\u00f3rki zabytkowych hal fabryki traktor\u00f3w w Ursusie. G\u0142\u00f3wnym podejrzanym jest sp\u00f3\u0142ka CPD S.A., kt\u00f3ra kupi\u0142a od syndyka kilkadziesi\u0105t hektar\u00f3w terenu dawnej fabryki traktor\u00f3w, by postawi\u0107 tu biurowce i osiedla mieszkaniowe.<\/strong><\/p>\n<p>Wzniesione w latach 20. XX wieku hale odlewni \u017celiwa s\u0105 ostatnimi zachowanymi fragmentami Zak\u0142ad\u00f3w Mechanicznych \u201eUrsus\u201d. Jako obiekt zabytkowy chronione s\u0105 wpisem do gminnej ewidencji zabytk\u00f3w.<\/p>\n<p style=\"text-align: center;\"><strong>Hale znikn\u0119\u0142y z terenu fabryki<\/strong><\/p>\n<p>Teren, na kt\u00f3rym posadowione s\u0105 zabytkowe hale fabryki traktor\u00f3w w Ursusie nabyty zosta\u0142 od syndyka przez sp\u00f3\u0142k\u0119 CPD S.A. Deweloper kupuj\u0105c kilkadziesi\u0105t hektar\u00f3w terenu dawnej fabryki traktor\u00f3w pod zabudow\u0119 biurowcami i osiedlami mieszkaniowymi zapewnia\u0142, \u017ce pozosta\u0142o\u015bci Zak\u0142ad\u00f3w Mechanicznych \u201eUrsus\u201d zostan\u0105 wkomponowane w projekt architektoniczny. Mimo to hale uleg\u0142y niemal ca\u0142kowitemu zniszczeniu.<\/p>\n<p>&#8211; Zosta\u0142y elewacje frontowe obu hal (najcenniejsze), elewacja boczna jednej z nich, fragment korpusu hali zachodniej (odlewnia). Pozosta\u0142 nadal nietkni\u0119ty budynek dawnej modelarni oraz warsztaty z ty\u0142u dzia\u0142ki \u2013 poinformowa\u0142 na Facebooku Sto\u0142eczny Konserwator Zabytk\u00f3w, Micha\u0142 Krasucki.<\/p>\n<p>Po zawiadomieniu organ\u00f3w o rozbi\u00f3rce, na terenie dawnej fabryki traktor\u00f3w pojawili si\u0119 przedstawiciele Sto\u0142ecznego Konserwatora Zabytk\u00f3w i Pa\u0144stwowego Inspektora Nadzoru Budowlanego. Po przeprowadzeniu wizji lokalnej, Sto\u0142eczny Konserwator Zabytk\u00f3w niezw\u0142ocznie wyda\u0142 nakaz wstrzymania prac rozbi\u00f3rkowych, za\u015b Powiatowy Inspektor Nadzoru Budowlanego nakaza\u0142 przerwa\u0107 rozbi\u00f3rk\u0119 i wykona\u0107 niezb\u0119dne zabezpieczenia niezburzonych jeszcze fragment\u00f3w hal.<\/p>\n<p>Co wi\u0119cej, Powiatowy Inspektorat Nadzoru Budowlanego zg\u0142osi\u0142 do prokuratury spraw\u0119 niezgodnej, zdaniem organu, z prawem rozbi\u00f3rki zabytkowych hal fabryki traktor\u00f3w w Ursusie.<\/p>\n<p style=\"text-align: center;\"><strong>Deweloper unika kontaktu<\/strong><\/p>\n<p>G\u0142\u00f3wnym podejrzanym w sprawie jest sp\u00f3\u0142ka CPD S.A., kt\u00f3ra kupi\u0142a od syndyka kilkadziesi\u0105t hektar\u00f3w terenu dawnej fabryki traktor\u00f3w na cele inwestycyjne. Sp\u00f3\u0142ka wyst\u0119powa\u0142a ju\u017c wcze\u015bniej do Powiatowego Inspektora Nadzoru Budowlanego o zgod\u0119 na rozbi\u00f3rk\u0119 zabytkowych hal. Organ jednak odm\u00f3wi\u0142.<\/p>\n<p>Nieoficjalnie wiadomo, \u017ce deweloper nie przyznaje si\u0119 do nielegalnej rozbi\u00f3rki hal, a przedstawiciele Sp\u00f3\u0142ki twierdz\u0105, \u017ce hale uleg\u0142y zawaleniu. Niestety podczas trwaj\u0105cego w prokuraturze post\u0119powania, przedstawiciele CPD S.A. unikaj\u0105 kontaktu z mediami. Jak uda\u0142o nam si\u0119 dowiedzie\u0107, w spraw\u0119 nie jest zaanga\u017cowany deweloper Unidevelopment S.A., kt\u00f3ry wsp\u00f3lnie z w\u0142a\u015bcicielem grunt\u00f3w sp\u00f3\u0142k\u0105 CPD S.A., realizuje inwestycj\u0119 \u201eURSA Smart City\u201d.<\/p>\n<p>&#8211; Tereny, na kt\u00f3rych realizowane jest osiedle, jak i te, na kt\u00f3rych planowana jest jego druga cz\u0119\u015b\u0107, s\u0105 niezabudowane. Powstaje ona zgodnie z zapisami Miejscowego Planu Zagospodarowania Przestrzennego i w oparciu o wszelkie niezb\u0119dne pozwolenia. Jednocze\u015bnie jako sp\u00f3\u0142ka odpowiedzialna za realizacj\u0119 projektu \u201eURSA Smart City\u201d nie posiadamy informacji na temat ewentualnych dzia\u0142a\u0144 prowadzonych przez inne firmy na terenach po by\u0142ych zak\u0142adach \u201eUrsus\u201d \u2013 wynika z oficjalnej informacji, kt\u00f3r\u0105 otrzymali\u015bmy od Unidevelopment S.A.<\/p>\n<p style=\"text-align: right;\">Tekst i foto:<\/p>\n<p style=\"text-align: right;\"><strong>Kinga Rochalska<\/strong><\/p>\n","protected":false},"excerpt":{"rendered":"<p>Powiatowy Inspektorat Nadzoru Budowlanego zg\u0142osi\u0142 do prokuratury spraw\u0119 niezgodnej, zdaniem organu, z prawem rozbi\u00f3rki zabytkowych hal fabryki traktor\u00f3w w Ursusie. G\u0142\u00f3wnym podejrzanym jest sp\u00f3\u0142ka CPD S.A., kt\u00f3ra kupi\u0142a od syndyka kilkadziesi\u0105t hektar\u00f3w terenu dawnej fabryki traktor\u00f3w, by postawi\u0107 tu biurowce i osiedla mieszkaniowe. Wzniesione w latach 20. XX wieku hale odlewni \u017celiwa s\u0105 ostatnimi zachowanymi [&hellip;]<\/p>\n","protected":false},"author":2,"featured_media":1172,"comment_status":"closed","ping_status":"open","sticky":false,"template":"","format":"standard","meta":{"footnotes":""},"categories":[5],"tags":[],"class_list":["post-1171","post","type-post","status-publish","format-standard","has-post-thumbnail","hentry","category-wiadomosci"],"_links":{"self":[{"href":"https:\/\/fleschmazowsza.com.pl\/index.php?rest_route=\/wp\/v2\/posts\/1171","targetHints":{"allow":["GET"]}}],"collection":[{"href":"https:\/\/fleschmazowsza.com.pl\/index.php?rest_route=\/wp\/v2\/posts"}],"about":[{"href":"https:\/\/fleschmazowsza.com.pl\/index.php?rest_route=\/wp\/v2\/types\/post"}],"author":[{"embeddable":true,"href":"https:\/\/fleschmazowsza.com.pl\/index.php?rest_route=\/wp\/v2\/users\/2"}],"replies":[{"embeddable":true,"href":"https:\/\/fleschmazowsza.com.pl\/index.php?rest_route=%2Fwp%2Fv2%2Fcomments&post=1171"}],"version-history":[{"count":2,"href":"https:\/\/fleschmazowsza.com.pl\/index.php?rest_route=\/wp\/v2\/posts\/1171\/revisions"}],"predecessor-version":[{"id":1174,"href":"https:\/\/fleschmazowsza.com.pl\/index.php?rest_route=\/wp\/v2\/posts\/1171\/revisions\/1174"}],"wp:featuredmedia":[{"embeddable":true,"href":"https:\/\/fleschmazowsza.com.pl\/index.php?rest_route=\/wp\/v2\/media\/1172"}],"wp:attachment":[{"href":"https:\/\/fleschmazowsza.com.pl\/index.php?rest_route=%2Fwp%2Fv2%2Fmedia&parent=1171"}],"wp:term":[{"taxonomy":"category","embeddable":true,"href":"https:\/\/fleschmazowsza.com.pl\/index.php?rest_route=%2Fwp%2Fv2%2Fcategories&post=1171"},{"taxonomy":"post_tag","embeddable":true,"href":"https:\/\/fleschmazowsza.com.pl\/index.php?rest_route=%2Fwp%2Fv2%2Ftags&post=1171"}],"curies":[{"name":"wp","href":"https:\/\/api.w.org\/{rel}","templated":true}]}}