{"id":1168,"date":"2017-04-18T11:41:36","date_gmt":"2017-04-18T10:41:36","guid":{"rendered":"http:\/\/fleschmazowsza.com.pl\/?p=1168"},"modified":"2017-04-18T11:41:36","modified_gmt":"2017-04-18T10:41:36","slug":"milanowek-konsultacje-w-sprawie-metropolii","status":"publish","type":"post","link":"https:\/\/fleschmazowsza.com.pl\/?p=1168","title":{"rendered":"Milan\u00f3wek: konsultacje w sprawie metropolii"},"content":{"rendered":"<p><strong>Zdecydowanie burzliwy przebieg mia\u0142o spotkanie mieszka\u0144c\u00f3w z pe\u0142nomocnikiem ds. ustawy metropolitalnej Ryszardem Madziarem, kt\u00f3re odby\u0142o si\u0119 11 kwietnia. Wcze\u015bniej, w sobot\u0119 na targu o stosunek do tego aktu prawnego pytani byli kupuj\u0105cy.<\/strong><\/p>\n<p>Wtorkowe spotkanie zosta\u0142o zorganizowane przez Burmistrza Wies\u0142aw\u0119 Kwiatkowsk\u0105. Zaproszeni zostali na nie wojewoda Zdzis\u0142aw Sipiera oraz pos\u0142owie \u2013 inicjatorzy powstania projektu. By\u0107 mo\u017ce bliski termin \u2013 informacja i zaproszenia pojawi\u0142y si\u0119 r\u00f3wno na tydzie\u0144 przed \u2013 oraz p\u00f3\u017ana pora spotkania \u2013 pocz\u0105tek o godz. 19 \u2013 spowodowa\u0142y, \u017ce miejsca dla szanownych go\u015bci \u015bwieci\u0142y pustkami. Wielu Milanowian odczu\u0142o to raczej jako swego rodzaju demonstracj\u0119, jak decydenci licz\u0105 si\u0119 z ich zdaniem oraz jaka rola w tym planowanym tworze przypadnie ich miastu.<\/p>\n<p style=\"text-align: center;\"><strong>Prezentacja niedor\u00f3bek<\/strong><\/p>\n<p>W ka\u017cdym razie zacz\u0119\u0142o si\u0119 od prezentacji przez sekretarza miasta Macieja Jastrz\u0119bskiego nie\u015bcis\u0142o\u015bci i niedor\u00f3bek w udost\u0119pnionym projekcie. Ripostowa\u0142 nast\u0119pnie Ryszard Madziar uwypuklaj\u0105c korzy\u015bci p\u0142yn\u0105ce z przyj\u0119cia ustawy metropolitalnej m. in. \u2013 wsp\u00f3lny bilet, \u0142atwiejsze decyzje dotycz\u0105ce infrastruktury drogowej.<\/p>\n<p style=\"text-align: center;\"><strong>G\u0142os suwerena<\/strong><\/p>\n<p>Po tych wprowadzeniach g\u0142os przej\u0119li mieszka\u0144cy w wi\u0119kszo\u015bci niezbyt przychylnie nastawieni do projektu. Zwr\u00f3cono uwag\u0119 chocia\u017cby na niezgodno\u015b\u0107 z prawem samych konsultacji bowiem jako projekt poselski nie musi by\u0107 poddawany takim procedurom.<\/p>\n<p>Pad\u0142o pytanie o herb, bowiem w projekcie zapisano i\u017c ma to by\u0107 Syrenka. Odpowied\u017a brzmia\u0142a, \u017ce mo\u017cemy pozosta\u0107 przy dotychczasowym\u2026 Burmistrz Podkowy Le\u015bnej Artur Tusi\u0144ski zwr\u00f3ci\u0142 uwag\u0119, \u017ce stworzenie metropolii podwy\u017cszy do 120 mln. z\u0142 kwot\u0119 Janosikowego wp\u0142acan\u0105 do bud\u017cetu centralnego (w miejsce dotychczasowych 90 mln. z\u0142).<\/p>\n<p>W odpowiedziach Ryszard Madziar cz\u0119sto podkre\u015bla\u0142, \u017ce dyskutujemy nad wst\u0119pnymi za\u0142o\u017ceniami a dyskusja pos\u0142u\u017cy dopracowaniu precyzyjnego dokumentu. Wyst\u0105pieniom poszczeg\u00f3lnych dyskutant\u00f3w cz\u0119sto towarzyszy\u0142y niecz\u0119ste odg\u0142osy: oklaski, poparte czasem wr\u0119cz gwizdami. Atmosfera momentami bli\u017csza by\u0142a wiecowi co nie do\u0144ca s\u0142u\u017cy\u0142o merytorycznej dyspucie.<\/p>\n<p>Andrzej Moes, przewodnicz\u0105cy Rady Miasta I kadencji zada\u0142 dramatyczne pytanie \u201eczy ta ustawa jest w og\u00f3le potrzebna?\u201d<\/p>\n<p style=\"text-align: center;\"><strong>Og\u00f3lniki i frazesy<\/strong><\/p>\n<p>Radna Bo\u017cena Osiadacz stwierdzi\u0142a, \u017ce mieszka\u0144cy nie otrzymali \u017cadnej konkretnej odpowiedzi na swoje pytania a jedynie same og\u00f3lniki i frazesy.<\/p>\n<p>Niemal na koniec jeden z mieszka\u0144c\u00f3w zapyta\u0142 o og\u00f3ln\u0105 kondycj\u0119 \u2013 rozw\u00f3j, finanse \u2013 przysz\u0142ej panny m\u0142odej, jak okre\u015bli\u0142 Warszaw\u0119, z kt\u00f3r\u0105 Milan\u00f3wek ma bra\u0107 \u015blub. Opuszczaj\u0105cy ju\u017c niemal\u017ce sal\u0119 Ryszard Madziar odpowiedzia\u0142, \u017ce dobra.<\/p>\n<p>Na koniec Maria Ga\u0142ecka \u2013 Wolska zwr\u00f3ci\u0142a uwag\u0119, \u017ce do\u015b\u0107 cz\u0119sto dyskusja odbiega\u0142a od meritum i widoczna by\u0142a pewna stronniczo\u015b\u0107 w moderowaniu dyskusj\u0105 na niekorzy\u015b\u0107 zwolennik\u00f3w ustawy.<\/p>\n<p style=\"text-align: center;\"><strong>*<\/strong><\/p>\n<p style=\"text-align: center;\"><strong>*\u00a0\u00a0\u00a0\u00a0\u00a0\u00a0\u00a0\u00a0\u00a0 *<\/strong><\/p>\n<p><em>W Podkowie 30 marca powsta\u0142 obywatelski komitet ds. referendum, kt\u00f3rego wniosek zosta\u0142 tym razem zaopiniowany pozytywnie. Podobny zesp\u00f3\u0142 zosta\u0142 zarejestrowany w Milan\u00f3wku 7 kwietnia. Podczas wtorkowej dyskusji zbierane by\u0142y podpisy popieraj\u0105cych przeprowadzenie referendum. Z kolei przewodnicz\u0105cy grodziskiego PiS Miros\u0142aw Paciorek zadeklarowa\u0142, \u017ce jego ankieterzy pojawi\u0105 si\u0119 na ulicach Milan\u00f3wka w po\u015bwi\u0105tecznym tygodniu.<\/em><\/p>\n<p style=\"text-align: right;\"><strong>Krystyn Fok<\/strong><\/p>\n","protected":false},"excerpt":{"rendered":"<p>Zdecydowanie burzliwy przebieg mia\u0142o spotkanie mieszka\u0144c\u00f3w z pe\u0142nomocnikiem ds. ustawy metropolitalnej Ryszardem Madziarem, kt\u00f3re odby\u0142o si\u0119 11 kwietnia. Wcze\u015bniej, w sobot\u0119 na targu o stosunek do tego aktu prawnego pytani byli kupuj\u0105cy. Wtorkowe spotkanie zosta\u0142o zorganizowane przez Burmistrza Wies\u0142aw\u0119 Kwiatkowsk\u0105. Zaproszeni zostali na nie wojewoda Zdzis\u0142aw Sipiera oraz pos\u0142owie \u2013 inicjatorzy powstania projektu. By\u0107 mo\u017ce [&hellip;]<\/p>\n","protected":false},"author":2,"featured_media":1169,"comment_status":"closed","ping_status":"open","sticky":false,"template":"","format":"standard","meta":{"footnotes":""},"categories":[8,5],"tags":[],"class_list":["post-1168","post","type-post","status-publish","format-standard","has-post-thumbnail","hentry","category-roznosci","category-wiadomosci"],"_links":{"self":[{"href":"https:\/\/fleschmazowsza.com.pl\/index.php?rest_route=\/wp\/v2\/posts\/1168","targetHints":{"allow":["GET"]}}],"collection":[{"href":"https:\/\/fleschmazowsza.com.pl\/index.php?rest_route=\/wp\/v2\/posts"}],"about":[{"href":"https:\/\/fleschmazowsza.com.pl\/index.php?rest_route=\/wp\/v2\/types\/post"}],"author":[{"embeddable":true,"href":"https:\/\/fleschmazowsza.com.pl\/index.php?rest_route=\/wp\/v2\/users\/2"}],"replies":[{"embeddable":true,"href":"https:\/\/fleschmazowsza.com.pl\/index.php?rest_route=%2Fwp%2Fv2%2Fcomments&post=1168"}],"version-history":[{"count":1,"href":"https:\/\/fleschmazowsza.com.pl\/index.php?rest_route=\/wp\/v2\/posts\/1168\/revisions"}],"predecessor-version":[{"id":1170,"href":"https:\/\/fleschmazowsza.com.pl\/index.php?rest_route=\/wp\/v2\/posts\/1168\/revisions\/1170"}],"wp:featuredmedia":[{"embeddable":true,"href":"https:\/\/fleschmazowsza.com.pl\/index.php?rest_route=\/wp\/v2\/media\/1169"}],"wp:attachment":[{"href":"https:\/\/fleschmazowsza.com.pl\/index.php?rest_route=%2Fwp%2Fv2%2Fmedia&parent=1168"}],"wp:term":[{"taxonomy":"category","embeddable":true,"href":"https:\/\/fleschmazowsza.com.pl\/index.php?rest_route=%2Fwp%2Fv2%2Fcategories&post=1168"},{"taxonomy":"post_tag","embeddable":true,"href":"https:\/\/fleschmazowsza.com.pl\/index.php?rest_route=%2Fwp%2Fv2%2Ftags&post=1168"}],"curies":[{"name":"wp","href":"https:\/\/api.w.org\/{rel}","templated":true}]}}