{"id":1163,"date":"2017-04-18T11:36:16","date_gmt":"2017-04-18T10:36:16","guid":{"rendered":"http:\/\/fleschmazowsza.com.pl\/?p=1163"},"modified":"2017-04-18T11:36:16","modified_gmt":"2017-04-18T10:36:16","slug":"debiut-pierwszej-w-polsce-powiatowej-rady-rozwoju","status":"publish","type":"post","link":"https:\/\/fleschmazowsza.com.pl\/?p=1163","title":{"rendered":"Debiut pierwszej w Polsce Powiatowej Rady Rozwoju"},"content":{"rendered":"<p><strong>W \u015brod\u0119, 12 kwietnia, o godzinie 17:00 w Starostwie Powiatowym w Pruszkowie odby\u0142o si\u0119 pierwsze posiedzenie Powiatowej Rady Rozwoju. To pierwsza tego typu inicjatywa w Polsce! <\/strong><\/p>\n<p>Spotkanie mia\u0142o charakter inauguracyjny. Przewodniczy\u0142 mu Starosta Pruszkowski\u00a0 Maksym Go\u0142o\u015b, ,kt\u00f3ry na wst\u0119pie podkre\u015bli\u0142 istot\u0119 powstania Powiatowej Rady Rozwoju dla wszystkich mieszka\u0144c\u00f3w Powiatu. \u201eJest to pierwsza taka inicjatywa w kraju. Mam nadziej\u0119, \u017ce nasze do\u015bwiadczenia b\u0119d\u0105 procentowa\u0107,<br \/>\nw jednostkach samorz\u0105du terytorialnego b\u0105d\u017a innych \u015brodowiskach\u201d \u2013 powiedzia\u0142. \u201ePotrzebujemy energii, kt\u00f3ra mo\u017ce p\u0142yn\u0105\u0107 z poczucia dobrze wykonywanej pracy\u201d \u2013 doda\u0142.<\/p>\n<p>Powiatowa Rada Rozwoju powsta\u0142a w oparciu o przyj\u0119t\u0105 uchwa\u0142\u0105 Rady Strategi\u0119 Rozwoju Powiatu Pruszkowskiego na lata 2015-2025.\u00a0 To pierwsze tego typu rozwi\u0105zanie w Polsce. Wpisa\u0142o si\u0119 ono<br \/>\nw za\u0142o\u017cenia, przyj\u0119tego przez Rad\u0119 Ministr\u00f3w, Planu na rzecz Odpowiedzialnego Rozwoju. Go\u015b\u0107 specjalny wydarzenia &#8211; Jaros\u0142aw Orli\u0144ski, Dyrektor Departamentu Program\u00f3w Infrastrukturalnych w Ministerstwie Rozwoju podkre\u015bli\u0142 w swoim wyst\u0105pieniu nowatorski charakter podj\u0119tej inicjatywy jako dobry wz\u00f3r dla innych Powiat\u00f3w w Polsce.<\/p>\n<p style=\"text-align: center;\"><strong>Platforma dialogu<\/strong><\/p>\n<p>Powiatowa Rada Rozwoju stanowi platform\u0119 dialogu na temat kierunk\u00f3w rozwoju powiatu<br \/>\nw najwa\u017cniejszych dla mieszka\u0144c\u00f3w obszarach. Jednocze\u015bnie pe\u0142ni funkcje koordynacyjno-doradcze, zar\u00f3wno dla w\u0142adz powiatowych, jak i gminnych. W swoim za\u0142o\u017ceniu ma stanowi\u0107 miejsce wymiany pomys\u0142\u00f3w, do\u015bwiadcze\u0144 i wiedzy mi\u0119dzy przedstawicielami samorz\u0105d\u00f3w, organizacji pozarz\u0105dowych, urz\u0119dnik\u00f3w i mieszka\u0144c\u00f3w Powiatu. Obszarami dzia\u0142ania Powiatowej Rady Rozwoju jest pi\u0119\u0107 najistotniejszych sfer \u017cycia spo\u0142ecznego. Obszar pierwszy to wysoki kapita\u0142 ludzki i spo\u0142eczny, b\u0119d\u0105cy podstaw\u0105 rozwoju gospodarczego. Chodzi tutaj nie tylko o popraw\u0119 jako\u015bci edukacji, ale r\u00f3wnie\u017c<br \/>\no podniesienie poziomu zatrudnienia i stworzenie przyjaznych warunk\u00f3w do rozwoju biznesu. Obszar drugi dotyczy rozwi\u0105za\u0144 komunikacyjnych. Dzia\u0142ania w tym zakresie maj\u0105 na celu zapewnienie sprawnej komunikacji i popraw\u0119 bezpiecze\u0144stwa. Trzecim obszarem jest sfera bezpiecze\u0144stwa i r\u00f3wnych szans. Istotnym aspektem jest tutaj funkcjonowanie s\u0142u\u017cby zdrowia i pomocy spo\u0142ecznej. Obszar czwarty<br \/>\nto wysoki standard zamieszkania i wypoczynku. Najwa\u017cniejsze dzia\u0142ania maj\u0105 na celu popraw\u0119 dost\u0119pno\u015bci oferty kulturalnej, rozrywkowej i sportowej, ale tak\u017ce popraw\u0119 stanu i dba\u0142o\u015bci<br \/>\no \u015brodowisko. Ostatnim z pi\u0119ciu obszar\u00f3w jest sprawna i otwarta na mieszka\u0144c\u00f3w Powiatu administracja.<\/p>\n<p>Podczas posiedzenia ukonstytuowa\u0142o si\u0119 prezydium Powiatowej Rady Rozwoju. Wiceprzewodnicz\u0105cymi zosta\u0142y Katarzyna Klimaszewska, Radna Powiatu, oraz Ma\u0142gorzata Pachecka z Towarzystwa Przyjaci\u00f3\u0142 Miasta Ogrodu Komor\u00f3w \u201eKomorowianie\u201d. Ponadto w sk\u0142ad Rady weszli wybrani radni, przedstawiciele jednostek, urz\u0119d\u00f3w gmin z terenu Powiatu Pruszkowskiego, organizacji pozarz\u0105dowych oraz specjali\u015bci<br \/>\nz r\u00f3\u017cnych dziedzin \u017cycia spo\u0142ecznego.<\/p>\n<p style=\"text-align: center;\"><strong>Sk\u0142ad Powiatowej Rady Rozwoju:<\/strong><\/p>\n<ol>\n<li>Dorota Bagi\u0144ska, Stowarzyszenie Kulturalny Komor\u00f3w,<\/li>\n<li>Krzysztof Bukowski, Zast\u0119pca Naczelnika Biura Rady i Zarz\u0105du Starostwa Powiatowego,<\/li>\n<li>Witold D\u0105browski, Naczelnik Wydzia\u0142u Obs\u0142ugi Urz\u0119du Starostwa Powiatowego,<\/li>\n<li>Dariusz Drzewiecki, Komendant Powiatowy Pa\u0144stwowej Stra\u017cy Po\u017carnej w Pruszkowie,<\/li>\n<li>Maksym Go\u0142o\u015b, Starosta Pruszkowski,<\/li>\n<li>Krzysztof Grabka, W\u00f3jt Gminy Micha\u0142owice,<\/li>\n<li>Agnieszka Kaczorowska-Budek, Stowarzyszenie \u201e\u0141ad na Mazowszu\u201d,<\/li>\n<li>Katarzyna Klimaszewska, Radna Powiatu Pruszkowskiego,<\/li>\n<li>Arkadiusz Kosi\u0144ski, Burmistrz Gminy Brwin\u00f3w,<\/li>\n<li>Pawe\u0142 Kostrzewski, Naczelnik Wydzia\u0142u Inwestycji i Funduszy Zewn\u0119trznych Starostwa Powiatowego,<\/li>\n<li>Rados\u0142aw Kowalczyk, Dyrektor Powiatowego Centrum Pomocy Rodzinie,<\/li>\n<li>Ma\u0142gorzata Kucharska, Naczelnik Wydzia\u0142u Edukacji i Sportu Starostwa Powiatowego,<\/li>\n<li>Andrzej Kurzela, Zast\u0119pca Prezydenta Miasta Pruszkowa,<\/li>\n<li>Ma\u0142gorzata \u0141ukaszewicz, Fundacja Up Starter,<\/li>\n<li>Maria Makowska, Przewodnicz\u0105ca Rady Powiatu Pruszkowskiego,<\/li>\n<li>Ilona Massalska, Stowarzyszenie \u201eSzlakiem T\u0119czy\u201d,<\/li>\n<li>Karol Michalczyk, Forum Organizacji Pozarz\u0105dowych Powiatu Pruszkowskiego,<\/li>\n<li>\u0141ukasz Oleszczuk, SISCOM,<\/li>\n<li>Ma\u0142gorzata Pachecka, TPMOK \u201eKomorowianie\u201d,<\/li>\n<li>Edward Radziejewski, Pruszkowskie Stowarzyszenie Patriotyczne,<\/li>\n<li>Krzysztof Radzik, Komendant Powiatowy Policji w Pruszkowie,<\/li>\n<li>Magdalena Radziszewska, Zast\u0119pca Naczelnika Wydzia\u0142u Infrastruktury i Ochrony \u015arodowiska Starostwa Powiatowego,<\/li>\n<li>Robert Radziwonka, Dyrektor Powiatowego Urz\u0119du Pracy,<\/li>\n<li>Marek Rajkowski Janusz, Radny Powiatu Pruszkowskiego,<\/li>\n<li>Rutkowski, Stowarzyszenie Projekt Brwin\u00f3w,<\/li>\n<li>Tomasz S\u0142awatyniec, Dyrektor Zespo\u0142u Zak\u0142ad\u00f3w Opieki Zdrowotnej w Pruszkowie,<\/li>\n<li>Grzegorz Szuplewski, Burmistrz Miasta Piastowa,<\/li>\n<li>Artur \u015awiercz, Radny Powiatu Pruszkowskiego,<\/li>\n<li>Bogdan Urban, Pruszkowskie Stowarzyszenie Rodzin Abstynenckich,<\/li>\n<li>Andrzej Zar\u0119ba, W\u00f3jt Gminy Raszyn.<\/li>\n<\/ol>\n<p style=\"text-align: right;\"><strong>Krzysztof Bukowski<\/strong><\/p>\n<p style=\"text-align: right;\">Zast\u0119pca Naczelnika Biura Rady i Zarz\u0105du<\/p>\n<p>&nbsp;<\/p>\n","protected":false},"excerpt":{"rendered":"<p>W \u015brod\u0119, 12 kwietnia, o godzinie 17:00 w Starostwie Powiatowym w Pruszkowie odby\u0142o si\u0119 pierwsze posiedzenie Powiatowej Rady Rozwoju. To pierwsza tego typu inicjatywa w Polsce! Spotkanie mia\u0142o charakter inauguracyjny. Przewodniczy\u0142 mu Starosta Pruszkowski\u00a0 Maksym Go\u0142o\u015b, ,kt\u00f3ry na wst\u0119pie podkre\u015bli\u0142 istot\u0119 powstania Powiatowej Rady Rozwoju dla wszystkich mieszka\u0144c\u00f3w Powiatu. \u201eJest to pierwsza taka inicjatywa w [&hellip;]<\/p>\n","protected":false},"author":2,"featured_media":1167,"comment_status":"closed","ping_status":"open","sticky":false,"template":"","format":"standard","meta":{"footnotes":""},"categories":[5],"tags":[],"class_list":["post-1163","post","type-post","status-publish","format-standard","has-post-thumbnail","hentry","category-wiadomosci"],"_links":{"self":[{"href":"https:\/\/fleschmazowsza.com.pl\/index.php?rest_route=\/wp\/v2\/posts\/1163","targetHints":{"allow":["GET"]}}],"collection":[{"href":"https:\/\/fleschmazowsza.com.pl\/index.php?rest_route=\/wp\/v2\/posts"}],"about":[{"href":"https:\/\/fleschmazowsza.com.pl\/index.php?rest_route=\/wp\/v2\/types\/post"}],"author":[{"embeddable":true,"href":"https:\/\/fleschmazowsza.com.pl\/index.php?rest_route=\/wp\/v2\/users\/2"}],"replies":[{"embeddable":true,"href":"https:\/\/fleschmazowsza.com.pl\/index.php?rest_route=%2Fwp%2Fv2%2Fcomments&post=1163"}],"version-history":[{"count":2,"href":"https:\/\/fleschmazowsza.com.pl\/index.php?rest_route=\/wp\/v2\/posts\/1163\/revisions"}],"predecessor-version":[{"id":1166,"href":"https:\/\/fleschmazowsza.com.pl\/index.php?rest_route=\/wp\/v2\/posts\/1163\/revisions\/1166"}],"wp:featuredmedia":[{"embeddable":true,"href":"https:\/\/fleschmazowsza.com.pl\/index.php?rest_route=\/wp\/v2\/media\/1167"}],"wp:attachment":[{"href":"https:\/\/fleschmazowsza.com.pl\/index.php?rest_route=%2Fwp%2Fv2%2Fmedia&parent=1163"}],"wp:term":[{"taxonomy":"category","embeddable":true,"href":"https:\/\/fleschmazowsza.com.pl\/index.php?rest_route=%2Fwp%2Fv2%2Fcategories&post=1163"},{"taxonomy":"post_tag","embeddable":true,"href":"https:\/\/fleschmazowsza.com.pl\/index.php?rest_route=%2Fwp%2Fv2%2Ftags&post=1163"}],"curies":[{"name":"wp","href":"https:\/\/api.w.org\/{rel}","templated":true}]}}