{"id":1159,"date":"2017-04-18T10:31:49","date_gmt":"2017-04-18T09:31:49","guid":{"rendered":"http:\/\/fleschmazowsza.com.pl\/?p=1159"},"modified":"2017-04-18T10:31:49","modified_gmt":"2017-04-18T09:31:49","slug":"inauguracja-roku-ignacego-kozielewskiego","status":"publish","type":"post","link":"https:\/\/fleschmazowsza.com.pl\/?p=1159","title":{"rendered":"Inauguracja Roku Ignacego Kozielewskiego"},"content":{"rendered":"<p><strong>W weekend 22-23 kwietnia 2017 r. odb\u0119dzie si\u0119 inauguracja Roku Ignacego Kozielewskiego oraz jubileusz 90-lecia Towarzystwa Gimnastycznego \u201eSok\u00f3\u0142\u201d. W programie m.in. rozgrywki sportowe, a tak\u017ce niedzielny bieg prze\u0142ajowy na 5 km.<\/strong><\/p>\n<p>W sobot\u0119 o godz. 10 w Zespole Szk\u00f3\u0142 Og\u00f3lnokszta\u0142c\u0105cych w Brwinowie przy ul. \u017bwirowej 16 rozpocznie si\u0119 cz\u0119\u015b\u0107 oficjalna z udzia\u0142em poczt\u00f3w sztandarowych i zaproszonych go\u015bci. Wyk\u0142ad na temat historii sokolstwa w Polsce wyg\u0142osi dr Jerzy Che\u0142mecki z warszawskiej AWF. Po nim odb\u0119dzie si\u0119 koncert muzyki patriotycznej i wojskowej w wykonaniu zespo\u0142u instrument\u00f3w d\u0119tych. W godzinach 12-15 w sali gimnastycznej i na przyszkolnych boiskach zostan\u0105 rozegrane turnieje tenisa sto\u0142owego, pi\u0142ki no\u017cnej oraz siatk\u00f3wki. O godz. 18 w ko\u015bciele pw. \u015bw. Floriana w Brwinowie zostanie odprawiona msza \u015bw. w intencji druh\u00f3w, druhen i sympatyk\u00f3w TG \u201eSok\u00f3\u0142\u201d. O godz. 19.30 w Dworku Zagroda rozpocznie si\u0119 ognisko.<\/p>\n<p>Niedziela stoi pod znakiem biegu prze\u0142ajowego na 5 km. Od godz. 8 do 10 b\u0119dzie mo\u017cna si\u0119 bezp\u0142atnie zapisa\u0107 na bieg, kt\u00f3rego start i meta znajd\u0105 si\u0119 w Parku Miejskim w Brwinowie. Bieg wystartuje o godz. 11. Organizatorzy przewiduj\u0105 atrakcyjne nagrody nie tylko dla zwyci\u0119zc\u00f3w.<\/p>\n<p>Uroczysto\u015bci jubileuszowe TG \u201eSok\u00f3\u0142\u201d obj\u0105\u0142 patronatem Starosta Powiatu Pruszkowskiego.<\/p>\n<p style=\"text-align: right;\"><strong>U.G. Brwin\u00f3w<\/strong><\/p>\n","protected":false},"excerpt":{"rendered":"<p>W weekend 22-23 kwietnia 2017 r. odb\u0119dzie si\u0119 inauguracja Roku Ignacego Kozielewskiego oraz jubileusz 90-lecia Towarzystwa Gimnastycznego \u201eSok\u00f3\u0142\u201d. W programie m.in. rozgrywki sportowe, a tak\u017ce niedzielny bieg prze\u0142ajowy na 5 km. W sobot\u0119 o godz. 10 w Zespole Szk\u00f3\u0142 Og\u00f3lnokszta\u0142c\u0105cych w Brwinowie przy ul. \u017bwirowej 16 rozpocznie si\u0119 cz\u0119\u015b\u0107 oficjalna z udzia\u0142em poczt\u00f3w sztandarowych i [&hellip;]<\/p>\n","protected":false},"author":2,"featured_media":1160,"comment_status":"closed","ping_status":"open","sticky":false,"template":"","format":"standard","meta":{"footnotes":""},"categories":[9,6],"tags":[],"class_list":["post-1159","post","type-post","status-publish","format-standard","has-post-thumbnail","hentry","category-edukacja","category-kultura"],"_links":{"self":[{"href":"https:\/\/fleschmazowsza.com.pl\/index.php?rest_route=\/wp\/v2\/posts\/1159","targetHints":{"allow":["GET"]}}],"collection":[{"href":"https:\/\/fleschmazowsza.com.pl\/index.php?rest_route=\/wp\/v2\/posts"}],"about":[{"href":"https:\/\/fleschmazowsza.com.pl\/index.php?rest_route=\/wp\/v2\/types\/post"}],"author":[{"embeddable":true,"href":"https:\/\/fleschmazowsza.com.pl\/index.php?rest_route=\/wp\/v2\/users\/2"}],"replies":[{"embeddable":true,"href":"https:\/\/fleschmazowsza.com.pl\/index.php?rest_route=%2Fwp%2Fv2%2Fcomments&post=1159"}],"version-history":[{"count":2,"href":"https:\/\/fleschmazowsza.com.pl\/index.php?rest_route=\/wp\/v2\/posts\/1159\/revisions"}],"predecessor-version":[{"id":1162,"href":"https:\/\/fleschmazowsza.com.pl\/index.php?rest_route=\/wp\/v2\/posts\/1159\/revisions\/1162"}],"wp:featuredmedia":[{"embeddable":true,"href":"https:\/\/fleschmazowsza.com.pl\/index.php?rest_route=\/wp\/v2\/media\/1160"}],"wp:attachment":[{"href":"https:\/\/fleschmazowsza.com.pl\/index.php?rest_route=%2Fwp%2Fv2%2Fmedia&parent=1159"}],"wp:term":[{"taxonomy":"category","embeddable":true,"href":"https:\/\/fleschmazowsza.com.pl\/index.php?rest_route=%2Fwp%2Fv2%2Fcategories&post=1159"},{"taxonomy":"post_tag","embeddable":true,"href":"https:\/\/fleschmazowsza.com.pl\/index.php?rest_route=%2Fwp%2Fv2%2Ftags&post=1159"}],"curies":[{"name":"wp","href":"https:\/\/api.w.org\/{rel}","templated":true}]}}