{"id":1131,"date":"2017-04-11T13:26:25","date_gmt":"2017-04-11T12:26:25","guid":{"rendered":"http:\/\/fleschmazowsza.com.pl\/?p=1131"},"modified":"2017-04-11T13:26:25","modified_gmt":"2017-04-11T12:26:25","slug":"wystawa-kobiety-pistolety-w-muzeum-dulag-121-w-pruszkowie","status":"publish","type":"post","link":"https:\/\/fleschmazowsza.com.pl\/?p=1131","title":{"rendered":"Wystawa \u201eKobiety Pistolety\u201d w Muzeum Dulag 121 w Pruszkowie"},"content":{"rendered":"<p><strong>22 kwietnia, w sobot\u0119, o godz. 17 w Muzeum Dulag 121 w Pruszkowie (ul. 3 Maja 8A) odb\u0119dzie si\u0119 uroczyste otwarcie wystawy historycznej \u201eKobiety Pistolety. Polki &#8211; je\u0144cy wojenni w obozie koncentracyjnym&#8221;. W wernisa\u017cu udzia\u0142 wezm\u0105 \u015bwiadkowie historii oraz kurator wystawy &#8211; Wirginia W\u0119gli\u0144ska z Muzeum Stutthof. Ekspozycj\u0119 mo\u017cna b\u0119dzie zwiedza\u0107 do 21 maja.<\/strong><\/p>\n<p>Wystawa \u201eKobiety Pistolety\u201d przygotowana przez Muzeum Stutthof opowiada o losach 40 kobiet, kt\u00f3re po Powstaniu Warszawskim uwi\u0119ziono w obozie przej\u015bciowym Dulag 121 w Pruszkowie, a potem deportowano do obozu koncentracyjnego Stutthof w Sztutowie na Pomorzu. Bohaterki wystawy to sanitariuszki i \u0142\u0105czniczki bior\u0105ce udzia\u0142 w Powstaniu Warszawskim. Dzi\u0119ki wystawie poznajemy ich wojenne perypetie z czas\u00f3w walk powsta\u0144czych, szczeg\u00f3\u0142y zwi\u0105zane z pobytem w obozie w Pruszkowie, a tak\u017ce dramatyczne wspomnienia z deportacji i z obozu koncentracyjnego Stutthof.<\/p>\n<p>Kobiet by\u0142o czterdzie\u015bci. Mia\u0142y od 14 do 28 lat i nale\u017ca\u0142y w wi\u0119kszo\u015bci do Armii Krajowej &#8211; do pu\u0142ku \u201eBaszta\u201d dzia\u0142aj\u0105cego podczas Powstania Warszawskiego na Mokotowie. Po upadku Mokotowa pojmane kobiety uwi\u0119ziono w obozie przej\u015bciowym Dulag 121 w Pruszkowie. Pomimo zapewnie\u0144 o przys\u0142uguj\u0105cych im prawach je\u0144c\u00f3w wojennych, rankiem 29 wrze\u015bnia 1944 roku grup\u0119 40 sanitariuszek i \u0142\u0105czniczek wywieziono do obozu koncentracyjnego Stutthof. Ju\u017c podczas transportu \u201eCzterdziestk\u0119\u201d odizolowano od ludno\u015bci cywilnej i umieszczono w osobnych wagonach. Wi\u0119kszo\u015b\u0107 kobiet by\u0142a ubrana w kombinezony, kurtki wojskowe z bia\u0142o-czerwonymi proporczykami. Mia\u0142y naszywki na fura\u017cerkach i polskie orze\u0142ki. Kilka mia\u0142o chlebaki i pasy wojskowe. Po przyj\u0119ciu do obozu kobiety-je\u0144cy nie zosta\u0142y poddane zwyczajowej \u201eceremonii powitalnej\u201d. Ustawiono je przy drutach kolczastych, gdzie czeka\u0142y na dalsze rozkazy. W ci\u0105gu kilku godzin wiadomo\u015b\u0107 o ich przybyciu obieg\u0142a ca\u0142y ob\u00f3z. Czterdzie\u015bci dziewcz\u0105t w mundurach wzbudzi\u0142o zainteresowanie nie tylko wi\u0119\u017ani\u00f3w, lecz tak\u017ce SS-man\u00f3w. M\u00f3wiono o nich <em>Kobiety Pistolety<\/em>.<\/p>\n<p>Historia \u201eCzterdziestki\u201d jest opowie\u015bci\u0105 o niezwyk\u0142ych przyja\u017aniach, kt\u00f3re sta\u0142y si\u0119 strategi\u0105 przetrwania. Pomimo r\u00f3\u017cnych charakter\u00f3w, temperament\u00f3w i wieku kobiety-je\u0144cy by\u0142y bardzo solidarne. Ka\u017cda z nich spontanicznie przyj\u0119\u0142a odpowiedzialno\u015b\u0107 za postaw\u0119 i przetrwanie ca\u0142ej grupy. Uda\u0142o im si\u0119 dowie\u015b\u0107, \u017ce cz\u0142owiek ma umiej\u0119tno\u015b\u0107 wznoszenia si\u0119 ponad narzucony los.<\/p>\n<p><strong>Na uroczyste otwarcie wystawy 22 kwietnia zapraszaj\u0105: <\/strong><\/p>\n<p><strong>Starosta Pruszkowski Maksym Go\u0142o\u015b<\/strong><\/p>\n<p><strong>dyrektor Muzeum Dulag 121 Ma\u0142gorzata Bojanowska <\/strong><\/p>\n<p><strong>dyrektor Muzeum Stutthof w Sztutowie Piotr Tarnowski<\/strong><\/p>\n","protected":false},"excerpt":{"rendered":"<p>22 kwietnia, w sobot\u0119, o godz. 17 w Muzeum Dulag 121 w Pruszkowie (ul. 3 Maja 8A) odb\u0119dzie si\u0119 uroczyste otwarcie wystawy historycznej \u201eKobiety Pistolety. Polki &#8211; je\u0144cy wojenni w obozie koncentracyjnym&#8221;. W wernisa\u017cu udzia\u0142 wezm\u0105 \u015bwiadkowie historii oraz kurator wystawy &#8211; Wirginia W\u0119gli\u0144ska z Muzeum Stutthof. Ekspozycj\u0119 mo\u017cna b\u0119dzie zwiedza\u0107 do 21 maja. Wystawa [&hellip;]<\/p>\n","protected":false},"author":2,"featured_media":1132,"comment_status":"closed","ping_status":"open","sticky":false,"template":"","format":"standard","meta":{"footnotes":""},"categories":[9],"tags":[],"class_list":["post-1131","post","type-post","status-publish","format-standard","has-post-thumbnail","hentry","category-edukacja"],"_links":{"self":[{"href":"https:\/\/fleschmazowsza.com.pl\/index.php?rest_route=\/wp\/v2\/posts\/1131","targetHints":{"allow":["GET"]}}],"collection":[{"href":"https:\/\/fleschmazowsza.com.pl\/index.php?rest_route=\/wp\/v2\/posts"}],"about":[{"href":"https:\/\/fleschmazowsza.com.pl\/index.php?rest_route=\/wp\/v2\/types\/post"}],"author":[{"embeddable":true,"href":"https:\/\/fleschmazowsza.com.pl\/index.php?rest_route=\/wp\/v2\/users\/2"}],"replies":[{"embeddable":true,"href":"https:\/\/fleschmazowsza.com.pl\/index.php?rest_route=%2Fwp%2Fv2%2Fcomments&post=1131"}],"version-history":[{"count":2,"href":"https:\/\/fleschmazowsza.com.pl\/index.php?rest_route=\/wp\/v2\/posts\/1131\/revisions"}],"predecessor-version":[{"id":1134,"href":"https:\/\/fleschmazowsza.com.pl\/index.php?rest_route=\/wp\/v2\/posts\/1131\/revisions\/1134"}],"wp:featuredmedia":[{"embeddable":true,"href":"https:\/\/fleschmazowsza.com.pl\/index.php?rest_route=\/wp\/v2\/media\/1132"}],"wp:attachment":[{"href":"https:\/\/fleschmazowsza.com.pl\/index.php?rest_route=%2Fwp%2Fv2%2Fmedia&parent=1131"}],"wp:term":[{"taxonomy":"category","embeddable":true,"href":"https:\/\/fleschmazowsza.com.pl\/index.php?rest_route=%2Fwp%2Fv2%2Fcategories&post=1131"},{"taxonomy":"post_tag","embeddable":true,"href":"https:\/\/fleschmazowsza.com.pl\/index.php?rest_route=%2Fwp%2Fv2%2Ftags&post=1131"}],"curies":[{"name":"wp","href":"https:\/\/api.w.org\/{rel}","templated":true}]}}