{"id":113,"date":"2016-10-18T14:45:04","date_gmt":"2016-10-18T13:45:04","guid":{"rendered":"http:\/\/fleschmazowsza.com.pl\/?p=113"},"modified":"2016-10-18T14:45:04","modified_gmt":"2016-10-18T13:45:04","slug":"masz-prawo-do-mediacji","status":"publish","type":"post","link":"https:\/\/fleschmazowsza.com.pl\/?p=113","title":{"rendered":"\u201eMasz prawo do mediacji\u201d"},"content":{"rendered":"<p><strong>Rozpocz\u0105\u0142 si\u0119 \u201eTydzie\u0144 mediacji\u201d, kt\u00f3ry potrwa w dniach 17-22 pa\u017adziernika.<\/strong><\/p>\n<p style=\"text-align: center;\"><strong>Co to jest?<\/strong><\/p>\n<p>Mediacja to pr\u00f3ba osi\u0105gni\u0119cia porozumienia w obecno\u015bci osoby trzeciej-neutralnego i bezstronnego mediatora, kt\u00f3ry \u0142agodzi spory, napi\u0119cia i pomaga doj\u015b\u0107 do porozumienia.<\/p>\n<p>Kolejny rok z rz\u0119du Ministerstwo Sprawiedliwo\u015bci wspiera propagowanie tego rodzaju rozwi\u0105zywania konflikt\u00f3w. W ramach tygodnia mediacji w celu przybli\u017cenia tematyki w S\u0105dzie Rejonowym w \u017byrardowie dy\u017cury b\u0119d\u0105 pe\u0142ni\u0107 mediatorzy, kt\u00f3rzy odpowiedz\u0105 na nurtuj\u0105ce pytania.<\/p>\n<p>(<a href=\"http:\/\/www.zyrardow.sr.gov.pl\/index.php?p=new&amp;idg=mg,102&amp;id=344&amp;action=show\">http:\/\/www.zyrardow.sr.gov.pl\/index.php?p=new&amp;idg=mg,102&amp;id=344&amp;action=show<\/a>)<\/p>\n<p>Warto przypomnie\u0107, \u017ce Prezydent RP podpisa\u0142 ustaw\u0119 z dnia 10 wrze\u015bnia 2015 r. o zmianie niekt\u00f3rych ustaw w zwi\u0105zku ze wspieraniem polubownych metod rozwi\u0105zywania spor\u00f3w (ustawa wchodzi w \u017cycie z dniem 1 stycznia 2016 r.). Bezpo\u015brednim celem zmian jest wzrost liczby mediacji w sprawach cywilnych (skutkuj\u0105cy usprawnieniem post\u0119powania s\u0105dowego \u2013 odci\u0105\u017ceniem s\u0105d\u00f3w oraz obni\u017ceniem koszt\u00f3w post\u0119powania s\u0105dowego \u2013 dla obywateli i Pa\u0144stwa), a oczekiwanym rezultatem \u2013 wzrost liczby mediacji r\u00f3wnie\u017c w pozosta\u0142ych rodzajach spraw (karnych, nieletnich).<\/p>\n<p>W\u015br\u00f3d podstawowych zmian nale\u017cy wspomnie\u0107 o:<\/p>\n<ul>\n<li>wprowadzeniu obowi\u0105zku informowania w pozwie czy strony podj\u0119\u0142y pr\u00f3b\u0119 polubownego rozwi\u0105zania sporu przed skierowaniem sprawy do s\u0105du;<\/li>\n<li>wzmocnieniu obowi\u0105zku informowania o mediacji oraz nak\u0142aniania do mediacji przez s\u0105d;<\/li>\n<li>mo\u017cliwo\u015bci wyznaczenia spotkania informacyjnego lub posiedzenia niejawnego a tak\u017ce kierowania do mediacji na ka\u017cdym etapie sprawy i wi\u0119cej ni\u017c raz w toku post\u0119powania;<\/li>\n<li>listach sta\u0142ych mediator\u00f3w prowadzonych przez prezes\u00f3w s\u0105d\u00f3w okr\u0119gowych \u2013 stali mediatorzy b\u0119d\u0105 musieli spe\u0142nia\u0107 okre\u015blone w ustawie warunki (np. niekaralno\u015b\u0107, odpowiednia wiedza i umiej\u0119tno\u015bci);<\/li>\n<li>umocowaniu funkcji koordynatora ds. mediacji w s\u0105dach okr\u0119gowych;<\/li>\n<li>zaliczeniu koszt\u00f3w mediacji prowadzonej na skutek skierowania przez s\u0105d do koszt\u00f3w s\u0105dowych (mo\u017cliwo\u015b\u0107 zwolnienia od koszt\u00f3w mediacji);<\/li>\n<li>innych zach\u0119tach finansowych (zwrot ca\u0142o\u015bci op\u0142aty s\u0105dowej w przypadku zawarcia ugody przed rozpocz\u0119ciem rozprawy, wniosek o zatwierdzenie ugody pozas\u0105dowej mediacyjnej b\u0119dzie wolny od op\u0142aty s\u0105dowej, zach\u0119ta podatkowa \u2013 w przypadku zawarcia ugody mo\u017cliwo\u015b\u0107 rozliczenia faktury koryguj\u0105cej w zakresie podatku dochodowego w bie\u017c\u0105cym okresie rozliczeniowym).<\/li>\n<\/ul>\n<p>Nowa ustawa podkre\u015bla pierwsze\u0144stwo stron przy wyborze mediatora, pozwala na szybkie przekazywanie danych kontaktowych mediatorowi oraz umo\u017cliwia elastyczne podej\u015bcie do czasu trwania mediacji (do 3 miesi\u0119cy). Wed\u0142ug nowych regulacji, je\u017celi nie dojdzie do wszcz\u0119cia mediacji przeds\u0105dowej z powod\u00f3w niezale\u017cnych od wierzyciela (np. druga strona nie wyrazi zgody na mediacj\u0119), wierzyciel zachowa pozytywne skutki zwi\u0105zane z przerwaniem biegu przedawnienia roszczenia, je\u017celi wniesie pozew w terminie 3 miesi\u0119cy.<\/p>\n<p style=\"text-align: right;\">asp. <strong>Agnieszka Ciereszko<\/strong><\/p>\n<p style=\"text-align: right;\">Oficer Prasowy<\/p>\n<p style=\"text-align: right;\">Komendanta Powiatowego Policji w \u017byrardowie<\/p>\n","protected":false},"excerpt":{"rendered":"<p>Rozpocz\u0105\u0142 si\u0119 \u201eTydzie\u0144 mediacji\u201d, kt\u00f3ry potrwa w dniach 17-22 pa\u017adziernika. Co to jest? Mediacja to pr\u00f3ba osi\u0105gni\u0119cia porozumienia w obecno\u015bci osoby trzeciej-neutralnego i bezstronnego mediatora, kt\u00f3ry \u0142agodzi spory, napi\u0119cia i pomaga doj\u015b\u0107 do porozumienia. Kolejny rok z rz\u0119du Ministerstwo Sprawiedliwo\u015bci wspiera propagowanie tego rodzaju rozwi\u0105zywania konflikt\u00f3w. W ramach tygodnia mediacji w celu przybli\u017cenia tematyki w [&hellip;]<\/p>\n","protected":false},"author":2,"featured_media":114,"comment_status":"closed","ping_status":"open","sticky":false,"template":"","format":"standard","meta":{"footnotes":""},"categories":[9],"tags":[],"class_list":["post-113","post","type-post","status-publish","format-standard","has-post-thumbnail","hentry","category-edukacja"],"_links":{"self":[{"href":"https:\/\/fleschmazowsza.com.pl\/index.php?rest_route=\/wp\/v2\/posts\/113","targetHints":{"allow":["GET"]}}],"collection":[{"href":"https:\/\/fleschmazowsza.com.pl\/index.php?rest_route=\/wp\/v2\/posts"}],"about":[{"href":"https:\/\/fleschmazowsza.com.pl\/index.php?rest_route=\/wp\/v2\/types\/post"}],"author":[{"embeddable":true,"href":"https:\/\/fleschmazowsza.com.pl\/index.php?rest_route=\/wp\/v2\/users\/2"}],"replies":[{"embeddable":true,"href":"https:\/\/fleschmazowsza.com.pl\/index.php?rest_route=%2Fwp%2Fv2%2Fcomments&post=113"}],"version-history":[{"count":1,"href":"https:\/\/fleschmazowsza.com.pl\/index.php?rest_route=\/wp\/v2\/posts\/113\/revisions"}],"predecessor-version":[{"id":115,"href":"https:\/\/fleschmazowsza.com.pl\/index.php?rest_route=\/wp\/v2\/posts\/113\/revisions\/115"}],"wp:featuredmedia":[{"embeddable":true,"href":"https:\/\/fleschmazowsza.com.pl\/index.php?rest_route=\/wp\/v2\/media\/114"}],"wp:attachment":[{"href":"https:\/\/fleschmazowsza.com.pl\/index.php?rest_route=%2Fwp%2Fv2%2Fmedia&parent=113"}],"wp:term":[{"taxonomy":"category","embeddable":true,"href":"https:\/\/fleschmazowsza.com.pl\/index.php?rest_route=%2Fwp%2Fv2%2Fcategories&post=113"},{"taxonomy":"post_tag","embeddable":true,"href":"https:\/\/fleschmazowsza.com.pl\/index.php?rest_route=%2Fwp%2Fv2%2Ftags&post=113"}],"curies":[{"name":"wp","href":"https:\/\/api.w.org\/{rel}","templated":true}]}}