{"id":1128,"date":"2017-04-11T08:26:04","date_gmt":"2017-04-11T07:26:04","guid":{"rendered":"http:\/\/fleschmazowsza.com.pl\/?p=1128"},"modified":"2017-04-11T08:26:04","modified_gmt":"2017-04-11T07:26:04","slug":"wierszem-malowane","status":"publish","type":"post","link":"https:\/\/fleschmazowsza.com.pl\/?p=1128","title":{"rendered":"WIERSZEM MALOWANE"},"content":{"rendered":"<p><strong>4 kwietnia w Sp\u00f3\u0142dzielczym Domu Kultury przy ulicy Hubala 5, odby\u0142 si\u0119 Fina\u0142 zorganizowanego przez Fili\u0119 Nr 5 naszej Ksi\u0105\u017cnicy \u2013 Pierwszego Pruszkowskiego Konkursu Recytatorskiego Dla Przedszkolak\u00f3w \u201eWIERSZEM MALOWANE&#8221;.<\/strong><\/p>\n<p>Tylko trzy przedszkola odwa\u017cy\u0142y si\u0119 wystawi\u0107 swoje reprezentacje i podda\u0107 je dobrotliwej ocenie naszego Jury \u2013 Miejskie Przedszkole Nr 11, Miejskie Przedszkole Nr 12 oraz Prywatne Przedszkole \u201eTuptu\u015b&#8221;. Mimo \u017ce by\u0142y to tylko trzy grupy dzieci, to wzrusze\u0144 dostarczy\u0142y s\u0142uchaczom za ca\u0142e miasto. Dzi\u0119ki pracy swoich opiekun\u00f3w ( a by\u0107 mo\u017ce tak\u017ce i rodzic\u00f3w), recytatorzy staj\u0105cy w swoje pierwsze chyba szranki reprezentowali w wi\u0119kszo\u015bci zdumiewaj\u0105co wysoki poziom \u2013 zar\u00f3wno techniczny, jak i aktorski. W wielu z nich drzemie niew\u0105tpliwie wysoki potencja\u0142 i jestem przekonany, \u017ce w przysz\u0142o\u015bci niejednokrotnie wprawi\u0105 nas w podziw. Mo\u017ce ju\u017c za kilka lat w konkursie recytatorskim Fascynacje lub w Warszawskiej Syrence?<\/p>\n<p>Podziwiali\u015bmy r\u00f3wnie\u017c przemy\u015blne kreacje uczestnik\u00f3w Konkursu oraz koresponduj\u0105c\u0105 z wyst\u0119pami scenografi\u0119, przygotowan\u0105 przez nauczycielki przedszkoli. W przerwie na obrady Jury, Finali\u015bci solidarnie i bez rywalizacji zgodnie raczyli si\u0119 s\u0142odkim pocz\u0119stunkiem.<\/p>\n<p>Wszyscy uczestnicy Konkursu otrzymali pami\u0105tkowe dyplomy i nagrody ksi\u0105\u017ckowe, natomiast szczeg\u00f3ln\u0105 uwag\u0119 Jury Konkursu zwr\u00f3cili:<\/p>\n<p>w grupie wiekowej 3 \u2013 4 lata &#8211; KORNELIA GABIS,<\/p>\n<p>oraz w grupie wiekowej 5 \u2013 6 lat \u2013 AMELIA SAPIEHA i JA\u015a \u015aLUSARCZYK.<\/p>\n<p>Pragniemy szczeg\u00f3lnie podzi\u0119kowa\u0107 Paniom: Magdalenie Lewczuk, Agnieszce Markiewicz-Pakule, Bo\u017cenie Marciniak, Iwonie Michalak, Katarzynie Badurak i Dorocie Sza\u0142kowskiej za prac\u0119 z Finalistami oraz za przygotowanie samego Fina\u0142u.<\/p>\n<p>Pomys\u0142odawczyni\u0105 oraz inicjatork\u0105 Konkursu jest Ewa Zaremba z Filii Nr 5 Ksi\u0105\u017cnicy Pruszkowskiej, a wy\u0142\u0105cznym sponsorem nagr\u00f3d firma Platon, kt\u00f3ra ju\u017c w przesz\u0142o\u015bci wielokrotnie obdarowywa\u0142a ksi\u0105\u017ckami pruszkowskie dzieci.<\/p>\n<p>Fotografie \u2013 <strong>Tomasz Malczyk<\/strong> z G\u0142osu Pruszkowa.<\/p>\n<p style=\"text-align: right;\"><strong>Grzegorz Zegad\u0142o<\/strong><\/p>\n","protected":false},"excerpt":{"rendered":"<p>4 kwietnia w Sp\u00f3\u0142dzielczym Domu Kultury przy ulicy Hubala 5, odby\u0142 si\u0119 Fina\u0142 zorganizowanego przez Fili\u0119 Nr 5 naszej Ksi\u0105\u017cnicy \u2013 Pierwszego Pruszkowskiego Konkursu Recytatorskiego Dla Przedszkolak\u00f3w \u201eWIERSZEM MALOWANE&#8221;. Tylko trzy przedszkola odwa\u017cy\u0142y si\u0119 wystawi\u0107 swoje reprezentacje i podda\u0107 je dobrotliwej ocenie naszego Jury \u2013 Miejskie Przedszkole Nr 11, Miejskie Przedszkole Nr 12 oraz Prywatne [&hellip;]<\/p>\n","protected":false},"author":2,"featured_media":1129,"comment_status":"closed","ping_status":"open","sticky":false,"template":"","format":"standard","meta":{"footnotes":""},"categories":[6],"tags":[],"class_list":["post-1128","post","type-post","status-publish","format-standard","has-post-thumbnail","hentry","category-kultura"],"_links":{"self":[{"href":"https:\/\/fleschmazowsza.com.pl\/index.php?rest_route=\/wp\/v2\/posts\/1128","targetHints":{"allow":["GET"]}}],"collection":[{"href":"https:\/\/fleschmazowsza.com.pl\/index.php?rest_route=\/wp\/v2\/posts"}],"about":[{"href":"https:\/\/fleschmazowsza.com.pl\/index.php?rest_route=\/wp\/v2\/types\/post"}],"author":[{"embeddable":true,"href":"https:\/\/fleschmazowsza.com.pl\/index.php?rest_route=\/wp\/v2\/users\/2"}],"replies":[{"embeddable":true,"href":"https:\/\/fleschmazowsza.com.pl\/index.php?rest_route=%2Fwp%2Fv2%2Fcomments&post=1128"}],"version-history":[{"count":1,"href":"https:\/\/fleschmazowsza.com.pl\/index.php?rest_route=\/wp\/v2\/posts\/1128\/revisions"}],"predecessor-version":[{"id":1130,"href":"https:\/\/fleschmazowsza.com.pl\/index.php?rest_route=\/wp\/v2\/posts\/1128\/revisions\/1130"}],"wp:featuredmedia":[{"embeddable":true,"href":"https:\/\/fleschmazowsza.com.pl\/index.php?rest_route=\/wp\/v2\/media\/1129"}],"wp:attachment":[{"href":"https:\/\/fleschmazowsza.com.pl\/index.php?rest_route=%2Fwp%2Fv2%2Fmedia&parent=1128"}],"wp:term":[{"taxonomy":"category","embeddable":true,"href":"https:\/\/fleschmazowsza.com.pl\/index.php?rest_route=%2Fwp%2Fv2%2Fcategories&post=1128"},{"taxonomy":"post_tag","embeddable":true,"href":"https:\/\/fleschmazowsza.com.pl\/index.php?rest_route=%2Fwp%2Fv2%2Ftags&post=1128"}],"curies":[{"name":"wp","href":"https:\/\/api.w.org\/{rel}","templated":true}]}}