{"id":1094,"date":"2017-04-03T12:25:38","date_gmt":"2017-04-03T11:25:38","guid":{"rendered":"http:\/\/fleschmazowsza.com.pl\/?p=1094"},"modified":"2017-04-03T12:25:38","modified_gmt":"2017-04-03T11:25:38","slug":"prawo-ustawa-szyszki-to-nie-wszystko","status":"publish","type":"post","link":"https:\/\/fleschmazowsza.com.pl\/?p=1094","title":{"rendered":"PRAWO. Ustawa Szyszki to nie wszystko!"},"content":{"rendered":"<p><strong>Odk\u0105d 1 stycznia br. w \u017cycie wesz\u0142a ustawa liberalizuj\u0105ca przepisy dotycz\u0105ce usuwania drzew i krzew\u00f3w, w ca\u0142ym kraju mamy do czynienia z niekontrolowan\u0105 wycink\u0105 zieleni. Niestety coraz cz\u0119\u015bciej pojawiaj\u0105 si\u0119 te\u017c sygna\u0142y, \u017ce drzewa wycinane s\u0105 na tzw. obszarach chronionych. Samorz\u0105d wojew\u00f3dztwa mazowieckiego apeluje o rozwag\u0119 i zapoznanie si\u0119 ze wszystkimi przepisami dotycz\u0105cymi wycinki.<\/strong><\/p>\n<p>\u2013 Ostatnio otrzymujemy coraz wi\u0119cej sygna\u0142\u00f3w zwi\u0105zanych z wycink\u0105 drzew na obszarach chronionego krajobrazu. Nap\u0142ywaj\u0105 one zar\u00f3wno od pracownik\u00f3w urz\u0119d\u00f3w gmin i miast, jak i mieszka\u0144c\u00f3w Mazowsza, kt\u00f3rzy s\u0105 zaniepokojeni masow\u0105 wycink\u0105 drzew \u2013 podkre\u015bla Tomasz Krasowski, dyrektor Departamentu Polityki Ekologicznej, Geologii i \u0141owiectwa.<\/p>\n<p>Nale\u017cy pami\u0119ta\u0107, \u017ce tzw. ustawa Szyszki nie daje pe\u0142nej swobody wycinki drzew na wszystkich prywatnych dzia\u0142kach. Przede wszystkim \u2013 s\u0105 znaczne ograniczenia wycinki drzew obj\u0119tych dodatkow\u0105 ochron\u0105 \u2013 m.in. drzew w parkach krajobrazowych oraz na obszarach chronionego krajobrazu, a dzia\u0142ki prywatne, cz\u0119sto znajduj\u0105 si\u0119 na takich terenach.<\/p>\n<p>Specjaln\u0105 ochron\u0105 obj\u0119te s\u0105 r\u00f3wnie\u017c pomniki przyrody oraz ziele\u0144 obj\u0119ta ochron\u0105 konserwatorsk\u0105, o czym m\u00f3wi ustawa o ochronie zabytk\u00f3w i opiece nad zabytkami.<\/p>\n<p>Ponadto wycinka jest ograniczona w okresie l\u0119gowym ptak\u00f3w (1 marca \u2013 15 pa\u017adziernika) oraz na terenach b\u0119d\u0105cych obszarami rozrodu, wychowu m\u0142odych, \u017cerowania czy po prostu odpoczynku gatunk\u00f3w chronionych. Nale\u017cy przy tym pami\u0119ta\u0107, \u017ce w\u0142a\u015bciwie wszystkie gatunki ptak\u00f3w s\u0105 w Polsce obj\u0119te ochron\u0105 prawn\u0105.<\/p>\n<p>Ka\u017cdy kto posiada dzia\u0142k\u0119 w parku krajobrazowym b\u0105d\u017a obszarze chronionego krajobrazu musi pami\u0119ta\u0107, \u017ce nie wolno mu usuwa\u0107 drzew, na kt\u00f3rych b\u0105d\u017a przy kt\u00f3rych, znajduj\u0105 si\u0119 nory, legowiska, gniazda czy te\u017c inne schronienia i miejsca rozrodu dziko \u017cyj\u0105cych zwierz\u0105t. Bezwzgl\u0119dnie, dotyczy to drzew i krzew\u00f3w stanowi\u0105cych zadrzewienia przydro\u017cne, \u015br\u00f3dpolne i nadwodne.<\/p>\n<p>Pami\u0119tajmy, \u017ce nawet na terenach nieb\u0119d\u0105cych obszarami chronionymi, podczas wycinki drzew i krzew\u00f3w, nie mo\u017cna niszczy\u0107 ostoi lub nawet zwyczajnych miejsc przebywania gatunk\u00f3w chronionych, czyli m.in. wszystkich p\u0142az\u00f3w i gad\u00f3w czy te\u017c wi\u0119kszo\u015bci gatunk\u00f3w ptak\u00f3w.<\/p>\n<p>Jak sprawdzi\u0107 czy nasza dzia\u0142ka le\u017cy w obszarze chronionego krajobrazu? Na stronie internetowej Generalnej Dyrekcji Ochrony \u015arodowiska znajduje si\u0119 specjalna mapa, na kt\u00f3rej ka\u017cdy mieszkaniec mo\u017ce to w prosty spos\u00f3b zweryfikowa\u0107.<\/p>\n<p style=\"text-align: right;\"><strong>Marta Milewska<\/strong><\/p>\n<p style=\"text-align: right;\">Rzeczniczka Prasowa<\/p>\n<p style=\"text-align: right;\">Urz\u0105d Marsza\u0142kowski Wojew\u00f3dztwa Mazowieckiego<\/p>\n","protected":false},"excerpt":{"rendered":"<p>Odk\u0105d 1 stycznia br. w \u017cycie wesz\u0142a ustawa liberalizuj\u0105ca przepisy dotycz\u0105ce usuwania drzew i krzew\u00f3w, w ca\u0142ym kraju mamy do czynienia z niekontrolowan\u0105 wycink\u0105 zieleni. Niestety coraz cz\u0119\u015bciej pojawiaj\u0105 si\u0119 te\u017c sygna\u0142y, \u017ce drzewa wycinane s\u0105 na tzw. obszarach chronionych. Samorz\u0105d wojew\u00f3dztwa mazowieckiego apeluje o rozwag\u0119 i zapoznanie si\u0119 ze wszystkimi przepisami dotycz\u0105cymi wycinki. \u2013 [&hellip;]<\/p>\n","protected":false},"author":2,"featured_media":1095,"comment_status":"closed","ping_status":"open","sticky":false,"template":"","format":"standard","meta":{"footnotes":""},"categories":[9,6,5],"tags":[],"class_list":["post-1094","post","type-post","status-publish","format-standard","has-post-thumbnail","hentry","category-edukacja","category-kultura","category-wiadomosci"],"_links":{"self":[{"href":"https:\/\/fleschmazowsza.com.pl\/index.php?rest_route=\/wp\/v2\/posts\/1094","targetHints":{"allow":["GET"]}}],"collection":[{"href":"https:\/\/fleschmazowsza.com.pl\/index.php?rest_route=\/wp\/v2\/posts"}],"about":[{"href":"https:\/\/fleschmazowsza.com.pl\/index.php?rest_route=\/wp\/v2\/types\/post"}],"author":[{"embeddable":true,"href":"https:\/\/fleschmazowsza.com.pl\/index.php?rest_route=\/wp\/v2\/users\/2"}],"replies":[{"embeddable":true,"href":"https:\/\/fleschmazowsza.com.pl\/index.php?rest_route=%2Fwp%2Fv2%2Fcomments&post=1094"}],"version-history":[{"count":1,"href":"https:\/\/fleschmazowsza.com.pl\/index.php?rest_route=\/wp\/v2\/posts\/1094\/revisions"}],"predecessor-version":[{"id":1096,"href":"https:\/\/fleschmazowsza.com.pl\/index.php?rest_route=\/wp\/v2\/posts\/1094\/revisions\/1096"}],"wp:featuredmedia":[{"embeddable":true,"href":"https:\/\/fleschmazowsza.com.pl\/index.php?rest_route=\/wp\/v2\/media\/1095"}],"wp:attachment":[{"href":"https:\/\/fleschmazowsza.com.pl\/index.php?rest_route=%2Fwp%2Fv2%2Fmedia&parent=1094"}],"wp:term":[{"taxonomy":"category","embeddable":true,"href":"https:\/\/fleschmazowsza.com.pl\/index.php?rest_route=%2Fwp%2Fv2%2Fcategories&post=1094"},{"taxonomy":"post_tag","embeddable":true,"href":"https:\/\/fleschmazowsza.com.pl\/index.php?rest_route=%2Fwp%2Fv2%2Ftags&post=1094"}],"curies":[{"name":"wp","href":"https:\/\/api.w.org\/{rel}","templated":true}]}}