{"id":1064,"date":"2017-03-31T09:53:49","date_gmt":"2017-03-31T08:53:49","guid":{"rendered":"http:\/\/fleschmazowsza.com.pl\/?p=1064"},"modified":"2017-03-31T11:25:10","modified_gmt":"2017-03-31T10:25:10","slug":"siatkarki-z-nadarzyna-na-xix-miedzynarodowym-maratonie-w-lebie","status":"publish","type":"post","link":"https:\/\/fleschmazowsza.com.pl\/?p=1064","title":{"rendered":"SIATKARKI Z NADARZYNA NA XIX MI\u0118DZYNARODOWYM MARATONIE W \u0141EBIE"},"content":{"rendered":"<p><strong>Zawodniczki GLKS Nadarzyn wzi\u0119\u0142y udzia\u0142 w XIX edycji turnieju, kt\u00f3ry odby\u0142 si\u0119 w \u0141ebie. Podopieczne Damiana Krzemi\u0144skiego i Anety Olszty\u0144skiej zmagania rozpocz\u0119\u0142y w grupie C pokonuj\u0105c 2:0 zespo\u0142y z Grudzi\u0105dza, K\u0119dzierzyna- Ko\u017ala II oraz Gda\u0144ska (Olimpijczyk).<\/strong><\/p>\n<p>Mecz z Treflem Gda\u0144sk po zaci\u0119tej walce zako\u0144czy\u0142 si\u0119 wynikiem 1:1, gdy\u017c w fazie grupowej grali\u015bmy dwa sety bez wzgl\u0119du na wynik. Lepszy stosunek set\u00f3w zagwarantowa\u0142 uczennicom SOS Gimnazjum im. \u015bw. Jana Paw\u0142a II w Nadarzynie pierwsze miejsce w grupie i bezpo\u015bredni awans do p\u00f3\u0142fina\u0142u.<\/p>\n<p>W p\u00f3\u0142finale zmierzyli\u015bmy si\u0119 z uczennicami Szko\u0142y Mistrzostwa Sportowego w Kaliningradzie. Po bardzo zaci\u0119tym i dramatycznym meczu niestety ulegli\u015bmy 1:2 zespo\u0142owi z Rosji. W meczu o br\u0105zowy medal zagrali\u015bmy z pierwszym zespo\u0142em z K\u0119dzierzyna-Ko\u017ala. Zesp\u00f3\u0142 nie poradzi\u0142 sobie z emocjami i po s\u0142abszej grze g\u0142adko uleg\u0142 0:2 zajmuj\u0105c ostatecznie IV miejsce w turnieju.<\/p>\n<p>Udzia\u0142 w\/w zawodach by\u0142 nagrod\u0105 a zarazem form\u0105 podsumowania ca\u0142ego sezonu.<br \/>\nZdaniem trener\u00f3w by\u0142 to najlepszy turniej w sezonie m\u0142odej ekipy z Nadarzyna opartej w wi\u0119kszo\u015bci na zawodniczkach z pierwszej klasy SOS.<\/p>\n<p>Najlepsz\u0105 zawodniczk\u0105 zespo\u0142u wybrana zosta\u0142a Julia Brzeczkowska.<\/p>\n<p><strong>TRENERZY ZESPO\u0141U:<\/strong><\/p>\n<p>I trener &#8211; Damian Krzemi\u0144ski<br \/>\nII trener &#8211; Aneta Olszty\u0144ska<\/p>\n<p style=\"text-align: right;\">V-ce Prezes<br \/>\nGLKS Nadarzyn<br \/>\n<strong> Damian Krzemi\u0144ski<\/strong><\/p>\n","protected":false},"excerpt":{"rendered":"<p>Zawodniczki GLKS Nadarzyn wzi\u0119\u0142y udzia\u0142 w XIX edycji turnieju, kt\u00f3ry odby\u0142 si\u0119 w \u0141ebie. Podopieczne Damiana Krzemi\u0144skiego i Anety Olszty\u0144skiej zmagania rozpocz\u0119\u0142y w grupie C pokonuj\u0105c 2:0 zespo\u0142y z Grudzi\u0105dza, K\u0119dzierzyna- Ko\u017ala II oraz Gda\u0144ska (Olimpijczyk). Mecz z Treflem Gda\u0144sk po zaci\u0119tej walce zako\u0144czy\u0142 si\u0119 wynikiem 1:1, gdy\u017c w fazie grupowej grali\u015bmy dwa sety bez [&hellip;]<\/p>\n","protected":false},"author":2,"featured_media":1067,"comment_status":"closed","ping_status":"open","sticky":false,"template":"","format":"standard","meta":{"footnotes":""},"categories":[8,4],"tags":[],"class_list":["post-1064","post","type-post","status-publish","format-standard","has-post-thumbnail","hentry","category-roznosci","category-sport"],"_links":{"self":[{"href":"https:\/\/fleschmazowsza.com.pl\/index.php?rest_route=\/wp\/v2\/posts\/1064","targetHints":{"allow":["GET"]}}],"collection":[{"href":"https:\/\/fleschmazowsza.com.pl\/index.php?rest_route=\/wp\/v2\/posts"}],"about":[{"href":"https:\/\/fleschmazowsza.com.pl\/index.php?rest_route=\/wp\/v2\/types\/post"}],"author":[{"embeddable":true,"href":"https:\/\/fleschmazowsza.com.pl\/index.php?rest_route=\/wp\/v2\/users\/2"}],"replies":[{"embeddable":true,"href":"https:\/\/fleschmazowsza.com.pl\/index.php?rest_route=%2Fwp%2Fv2%2Fcomments&post=1064"}],"version-history":[{"count":1,"href":"https:\/\/fleschmazowsza.com.pl\/index.php?rest_route=\/wp\/v2\/posts\/1064\/revisions"}],"predecessor-version":[{"id":1066,"href":"https:\/\/fleschmazowsza.com.pl\/index.php?rest_route=\/wp\/v2\/posts\/1064\/revisions\/1066"}],"wp:featuredmedia":[{"embeddable":true,"href":"https:\/\/fleschmazowsza.com.pl\/index.php?rest_route=\/wp\/v2\/media\/1067"}],"wp:attachment":[{"href":"https:\/\/fleschmazowsza.com.pl\/index.php?rest_route=%2Fwp%2Fv2%2Fmedia&parent=1064"}],"wp:term":[{"taxonomy":"category","embeddable":true,"href":"https:\/\/fleschmazowsza.com.pl\/index.php?rest_route=%2Fwp%2Fv2%2Fcategories&post=1064"},{"taxonomy":"post_tag","embeddable":true,"href":"https:\/\/fleschmazowsza.com.pl\/index.php?rest_route=%2Fwp%2Fv2%2Ftags&post=1064"}],"curies":[{"name":"wp","href":"https:\/\/api.w.org\/{rel}","templated":true}]}}