{"id":1049,"date":"2017-03-30T10:18:10","date_gmt":"2017-03-30T09:18:10","guid":{"rendered":"http:\/\/fleschmazowsza.com.pl\/?p=1049"},"modified":"2017-03-30T10:18:10","modified_gmt":"2017-03-30T09:18:10","slug":"przed-remontem-torow-pkp-liczenie-pasazerow-w-brwinowie","status":"publish","type":"post","link":"https:\/\/fleschmazowsza.com.pl\/?p=1049","title":{"rendered":"Przed remontem tor\u00f3w PKP: liczenie pasa\u017cer\u00f3w w Brwinowie"},"content":{"rendered":"<p><strong>W zwi\u0105zku z modernizacj\u0105 podmiejskiej linii kolejowej Koleje Mazowieckie planuj\u0105 uruchomienie od wrze\u015bnia komunikacji zast\u0119pczej. Gmina Brwin\u00f3w chce zweryfikowa\u0107 dane dotycz\u0105ce liczby os\u00f3b korzystaj\u0105cych z przystanku PKP Brwin\u00f3w, dlatego pracownicy Urz\u0119du Gminy przeprowadz\u0105 w dniach 3-6 kwietnia 2017 r. liczenie pasa\u017cer\u00f3w.<\/strong><\/p>\n<p>\u2013 Dok\u0105d Pan\/Pani jedzie? Do Pruszkowa? Piastowa? Warszawy Zachodniej czy dalej? Sk\u0105d Pan\/Pani wraca? \u2013 poprzez takie pytania pracownicy Urz\u0119du Gminy Brwin\u00f3w b\u0119d\u0105 starali si\u0119 zebra\u0107 dane na temat codziennego przep\u0142ywu podr\u00f3\u017cnych przez przystanek PKP w Brwinowie. Osoby wsiadaj\u0105ce w Brwinowie zostan\u0105 zapytane przystanek docelowy swojej podr\u00f3\u017cy, a wysiadaj\u0105cy z poci\u0105gu \u2013 o przystanek pocz\u0105tkowy. Zebrane dane pos\u0142u\u017c\u0105 w rozmowach prowadzonych przez burmistrza Arkadiusza Kosi\u0144skiego ze sp\u00f3\u0142k\u0105 Koleje Mazowieckie na temat autobusowej komunikacji zast\u0119pczej, kt\u00f3ra b\u0119dzie funkcjonowa\u0142a od 1 wrze\u015bnia 2017 r. do 31 sierpnia 2018 r. Chodzi przede wszystkim o ustalenie optymalnej cz\u0119stotliwo\u015bci kursowania autobus\u00f3w i ich wielko\u015bci, gdy\u017c dane, kt\u00f3rymi dysponuje sp\u00f3\u0142ka Koleje Mazowieckie na podstawie sprzeda\u017cy bilet\u00f3w okresowych i jednorazowych, nie pozwalaj\u0105 na precyzyjne okre\u015blenie liczby brwinowian \u2013 pasa\u017cer\u00f3w w konkretnych poci\u0105gach w godzinach porannego i popo\u0142udniowego szczytu komunikacyjnego.<\/p>\n<p style=\"text-align: center;\"><strong>Dodatkowa linia wahad\u0142owa<\/strong><\/p>\n<p>Realizowana przez PKP PLK modernizacja podmiejskiej linii kolejowej nr 447 Grodzisk Maz. \u2013 Warszawa W\u0142ochy b\u0119dzie oznacza\u0142a czasowe ca\u0142kowite zawieszenie kursowania poci\u0105g\u00f3w torami podmiejskimi. Gmina Brwin\u00f3w ju\u017c teraz przygotowuje si\u0119 do tych zmian, m.in. planuj\u0105c autobusowy w\u0119ze\u0142 przesiadkowy przy skrzy\u017cowaniu ul. Powsta\u0144c\u00f3w Warszawy i Armii Krajowej i prowadz\u0105c negocjacje z Kolejami Mazowieckimi na temat optymalizacji linii autobusowych komunikacji zast\u0119pczej. Autobusy jednej linii po\u0142\u0105cz\u0105 miejscowo\u015bci le\u017c\u0105ce wzd\u0142u\u017c linii kolejowej od Grodziska Mazowieckiego do Warszawy Zachodniej, co zapewni pasa\u017cerom przejazdy pomi\u0119dzy przystankami po\u015brednimi np. z Brwinowa do Milan\u00f3wka, Piastowa, Ursusa itp. Koleje Mazowieckie przysta\u0142y ju\u017c na propozycj\u0119 burmistrza Arkadiusza Kosi\u0144skiego, gdzie Brwin\u00f3w b\u0119dzie przystankiem pocz\u0105tkowym lub ko\u0144cowym dodatkowej linii wahad\u0142owej Brwin\u00f3w-Warszawa Zachodnia.<\/p>\n<p>Cz\u0119\u015b\u0107 pasa\u017cer\u00f3w mo\u017ce przenie\u015b\u0107 si\u0119 na dojazdy kolej\u0105 WKD lub wybra\u0107 po\u0142\u0105czenia przez Grodzisk Mazowiecki, gdzie zatrzymywa\u0107 si\u0119 b\u0119d\u0105 poci\u0105gi kursuj\u0105ce po torach dalekobie\u017cnych.<\/p>\n<p style=\"text-align: center;\"><strong>Modernizacja w Brwinowie<\/strong><\/p>\n<p>Modernizacja linii kolejowej nr 447 na terenie gminy Brwin\u00f3w obejmie nie tylko wymian\u0119 tor\u00f3w i dw\u00f3ch wiadukt\u00f3w kolejowych nad jezdni\u0105 w tzw. \u201etunelu\u201d, mi\u0119dzy rondem Wac\u0142awa Kowalskiego i Rynkiem w Brwinowie. Mieszka\u0144cy miasta zyskaj\u0105 tak\u017ce:<br \/>\n&#8211; \u00a0nowe przej\u015bcie pieszo-rowerowe pod torami PKP w ci\u0105gu ul. Sportowej i Przejazd<br \/>\n&#8211; nowy przystanek kolejowy w Parzniewie wraz z przej\u015bciem pieszo-rowerowym pod torami i miejscami parkingowymi.<\/p>\n<p>Ponadto zostanie zmodernizowany przystanek kolejowy PKP Brwin\u00f3w: planowana jest rozbi\u00f3rka peronu i jego odbudowa, renowacja zabytkowej wiaty, remont schod\u00f3w oraz budowa windy z poziomu chodnika w tunelu do poziomu peronu.<\/p>\n<p style=\"text-align: right;\"><strong>(a)<\/strong><\/p>\n","protected":false},"excerpt":{"rendered":"<p>W zwi\u0105zku z modernizacj\u0105 podmiejskiej linii kolejowej Koleje Mazowieckie planuj\u0105 uruchomienie od wrze\u015bnia komunikacji zast\u0119pczej. Gmina Brwin\u00f3w chce zweryfikowa\u0107 dane dotycz\u0105ce liczby os\u00f3b korzystaj\u0105cych z przystanku PKP Brwin\u00f3w, dlatego pracownicy Urz\u0119du Gminy przeprowadz\u0105 w dniach 3-6 kwietnia 2017 r. liczenie pasa\u017cer\u00f3w. \u2013 Dok\u0105d Pan\/Pani jedzie? Do Pruszkowa? Piastowa? Warszawy Zachodniej czy dalej? Sk\u0105d Pan\/Pani wraca? [&hellip;]<\/p>\n","protected":false},"author":2,"featured_media":1050,"comment_status":"closed","ping_status":"open","sticky":false,"template":"","format":"standard","meta":{"footnotes":""},"categories":[1],"tags":[],"class_list":["post-1049","post","type-post","status-publish","format-standard","has-post-thumbnail","hentry","category-uncategorized"],"_links":{"self":[{"href":"https:\/\/fleschmazowsza.com.pl\/index.php?rest_route=\/wp\/v2\/posts\/1049","targetHints":{"allow":["GET"]}}],"collection":[{"href":"https:\/\/fleschmazowsza.com.pl\/index.php?rest_route=\/wp\/v2\/posts"}],"about":[{"href":"https:\/\/fleschmazowsza.com.pl\/index.php?rest_route=\/wp\/v2\/types\/post"}],"author":[{"embeddable":true,"href":"https:\/\/fleschmazowsza.com.pl\/index.php?rest_route=\/wp\/v2\/users\/2"}],"replies":[{"embeddable":true,"href":"https:\/\/fleschmazowsza.com.pl\/index.php?rest_route=%2Fwp%2Fv2%2Fcomments&post=1049"}],"version-history":[{"count":1,"href":"https:\/\/fleschmazowsza.com.pl\/index.php?rest_route=\/wp\/v2\/posts\/1049\/revisions"}],"predecessor-version":[{"id":1051,"href":"https:\/\/fleschmazowsza.com.pl\/index.php?rest_route=\/wp\/v2\/posts\/1049\/revisions\/1051"}],"wp:featuredmedia":[{"embeddable":true,"href":"https:\/\/fleschmazowsza.com.pl\/index.php?rest_route=\/wp\/v2\/media\/1050"}],"wp:attachment":[{"href":"https:\/\/fleschmazowsza.com.pl\/index.php?rest_route=%2Fwp%2Fv2%2Fmedia&parent=1049"}],"wp:term":[{"taxonomy":"category","embeddable":true,"href":"https:\/\/fleschmazowsza.com.pl\/index.php?rest_route=%2Fwp%2Fv2%2Fcategories&post=1049"},{"taxonomy":"post_tag","embeddable":true,"href":"https:\/\/fleschmazowsza.com.pl\/index.php?rest_route=%2Fwp%2Fv2%2Ftags&post=1049"}],"curies":[{"name":"wp","href":"https:\/\/api.w.org\/{rel}","templated":true}]}}