{"id":1044,"date":"2017-03-30T09:46:56","date_gmt":"2017-03-30T08:46:56","guid":{"rendered":"http:\/\/fleschmazowsza.com.pl\/?p=1044"},"modified":"2017-03-30T09:46:56","modified_gmt":"2017-03-30T08:46:56","slug":"3-mln-zl-na-samochody-dla-mazowieckich-strazakow","status":"publish","type":"post","link":"https:\/\/fleschmazowsza.com.pl\/?p=1044","title":{"rendered":"3 MLN  Z\u0141 NA SAMOCHODY DLA MAZOWIECKICH STRA\u017bAK\u00d3W"},"content":{"rendered":"<p><strong>Profesjonalny, nowoczesny, a przede wszystkim niezawodny \u2013 taki powinien by\u0107 sprz\u0119t, kt\u00f3ry umo\u017cliwia stra\u017cakom ochotnikom prowadzenie akcji ratowniczych. Dlatego samorz\u0105d wojew\u00f3dztwa mazowieckiego od lat wspiera dzia\u0142alno\u015b\u0107 OSP. W tym roku w ramach programu OSP 2017 przeznaczy\u0142 3 mln z\u0142 wsparcia na zakup specjalistycznych samochod\u00f3w dla 30 jednostek OSP z Mazowsza.\u00a0 <\/strong><\/p>\n<p>\u2013 <em>Stra\u017cacy wykonuj\u0105 bardzo odpowiedzialn\u0105 prac\u0119. Ratuj\u0105 ludzkie \u017cycie i dobytek, gasz\u0105c po\u017cary czy usuwaj\u0105c skutki powodzi, dlatego musz\u0105 dysponowa\u0107 bardzo dobrym i sprawnym sprz\u0119tem, aby szybko reagowa\u0107 w chwili zagro\u017cenia i m\u00f3c skutecznie prowadzi\u0107 wszystkie akcje ratownicze. Ciesz\u0119 si\u0119, \u017ce po raz kolejny mo\u017cemy im pom\u00f3c\u00a0 <\/em>\u2013 zaznaczy\u0142 marsza\u0142ek <strong>Adam Struzik<\/strong>.<\/p>\n<p>W ramach Programu OSP 2017 do urz\u0119du marsza\u0142kowskiego wp\u0142yn\u0119\u0142o 81 wniosk\u00f3w na kwot\u0119 ponad 12\u00a0mln\u00a0z\u0142. Decyzj\u0105 Radnych Wojew\u00f3dztwa Mazowieckiego wsparcie trafi do 30 jednostek ochotniczych stra\u017cy po\u017carnych, z\u00a0kt\u00f3rych ka\u017cda otrzyma po 100 tys. z\u0142 dofinansowania. Pozwoli to na zakup ci\u0119\u017ckiego lub \u015bredniego samochodu ratowniczo-ga\u015bniczego ze sprz\u0119tem ratowniczo-ga\u015bniczym zamontowanym na sta\u0142e.<\/p>\n<p>O tym, \u017ce pomoc stra\u017cak\u00f3w ochotnik\u00f3w jest niezwykle istotna nie trzeba nikogo przekonywa\u0107. \u015awiadcz\u0105 o tym statystyki. Na Mazowszu dzia\u0142a obecnie ok. 2 tys. jednostek ochotniczych stra\u017cy po\u017carnych, z kt\u00f3rych blisko 500 jest w\u0142\u0105czonych do Krajowego Systemu Ratowniczo-Ga\u015bniczego. W 2016 r. mazowieccy stra\u017cacy ochotnicy wyje\u017cd\u017cali ponad 26 tys. razy do r\u00f3\u017cnego rodzaju zdarze\u0144 zar\u00f3wno na terenie zasi\u0119gu swojej jednostki jak i poza nim. Warto r\u00f3wnie\u017c podkre\u015bli\u0107, \u017ce w ubieg\u0142ym roku stra\u017cacy z\u00a0mazowieckich jednostek stra\u017cy po\u017carnej wyje\u017cd\u017cali do akcji \u015brednio co 8 min.<a href=\"https:\/\/mail.plj.pl\/?_task=mail&amp;_caps=pdf%3D0%2Cflash%3D1%2Ctif%3D0&amp;_uid=16845&amp;_mbox=INBOX&amp;_action=show#_ftn1\" name=\"_ftnref1\">[1]<\/a> Natomiast w akcjach ratowniczych (po\u017cary i\u00a0miejscowe zagro\u017cenia) uczestniczy\u0142o ponad 235\u00a0tys. ratownik\u00f3w<a href=\"https:\/\/mail.plj.pl\/?_task=mail&amp;_caps=pdf%3D0%2Cflash%3D1%2Ctif%3D0&amp;_uid=16845&amp;_mbox=INBOX&amp;_action=show#_ftn2\" name=\"_ftnref2\">[2]<\/a>.<\/p>\n<p>&nbsp;<\/p>\n<table>\n<tbody>\n<tr>\n<td><strong>Lp.<\/strong><\/td>\n<td><strong>OSP<\/strong><\/td>\n<td><strong>Gmina\/Miasto<\/strong><\/td>\n<td><strong>Powiat<\/strong><\/td>\n<td><strong>Przedmiot dofinansowania<\/strong><\/td>\n<td><strong>kwota dofinansowania<\/p>\n<p><\/strong><\/td>\n<\/tr>\n<tr>\n<td>1.<\/td>\n<td>Wy\u015bmierzyce<\/td>\n<td>Wy\u015bmierzyce<\/td>\n<td>bia\u0142obrzeski<\/td>\n<td>\u015aredni samoch\u00f3d ratowniczo-ga\u015bniczy ze sprz\u0119tem ratowniczo-ga\u015bniczym zamontowanym na sta\u0142e<\/td>\n<td>100 000,00<\/td>\n<\/tr>\n<tr>\n<td>2.<\/td>\n<td>Przybyszew<\/td>\n<td>Promna<\/td>\n<td>bia\u0142obrzeski<\/td>\n<td>\u015aredni samoch\u00f3d ratowniczo-ga\u015bniczy ze sprz\u0119tem ratowniczo-ga\u015bniczym zamontowanym na sta\u0142e<\/td>\n<td>100 000,00<\/td>\n<\/tr>\n<tr>\n<td>3.<\/td>\n<td>Magnuszew<\/td>\n<td>Magnuszew<\/td>\n<td>kozienicki<\/td>\n<td>\u015aredni samoch\u00f3d ratowniczo-ga\u015bniczy ze sprz\u0119tem ratowniczo-ga\u015bniczym zamontowanym na sta\u0142e<\/td>\n<td>100 000,00<\/td>\n<\/tr>\n<tr>\n<td>4.<\/td>\n<td>Legionowo<\/td>\n<td>Legionowo<\/td>\n<td>legionowski<\/td>\n<td>\u015aredni samoch\u00f3d ratowniczo-ga\u015bniczy ze sprz\u0119tem ratowniczo-ga\u015bniczym zamontowanym na sta\u0142e<\/td>\n<td>100 000,00<\/td>\n<\/tr>\n<tr>\n<td>5.<\/td>\n<td>Rzeczni\u00f3w<\/td>\n<td>Rzeczni\u00f3w<\/td>\n<td>lipski<\/td>\n<td>\u015aredni samoch\u00f3d ratowniczo-ga\u015bniczy ze sprz\u0119tem ratowniczo-ga\u015bniczym zamontowanym na sta\u0142e<\/td>\n<td>100 000,00<\/td>\n<\/tr>\n<tr>\n<td>6.<\/td>\n<td>G\u0105sewo<\/td>\n<td>Sypniewo<\/td>\n<td>makowski<\/td>\n<td>\u015aredni samoch\u00f3d ratowniczo-ga\u015bniczy ze sprz\u0119tem ratowniczo-ga\u015bniczym zamontowanym na sta\u0142e<\/td>\n<td>100 000,00<\/td>\n<\/tr>\n<tr>\n<td>7.<\/td>\n<td>Sielu\u0144<\/td>\n<td>M\u0142ynarze<\/td>\n<td>makowski<\/td>\n<td>\u015aredni samoch\u00f3d ratowniczo-ga\u015bniczy ze sprz\u0119tem ratowniczo-ga\u015bniczym zamontowanym na sta\u0142e<\/td>\n<td>100 000,00<\/td>\n<\/tr>\n<tr>\n<td>8.<\/td>\n<td>Jakub\u00f3w<\/td>\n<td>Jakub\u00f3w<\/td>\n<td>mi\u0144ski<\/td>\n<td>\u015aredni samoch\u00f3d ratowniczo-ga\u015bniczy ze sprz\u0119tem ratowniczo-ga\u015bniczym zamontowanym na sta\u0142e<\/td>\n<td>100 000,00<\/td>\n<\/tr>\n<tr>\n<td>9.<\/td>\n<td>Wilk\u00f3w Polski<\/td>\n<td>Leoncin<\/td>\n<td>nowodworski<\/td>\n<td>\u015aredni samoch\u00f3d ratowniczo-ga\u015bniczy ze sprz\u0119tem ratowniczo-ga\u015bniczym zamontowanym na sta\u0142e<\/td>\n<td>100 000,00<\/td>\n<\/tr>\n<tr>\n<td>10.<\/td>\n<td>\u0141yse<\/td>\n<td>\u0141yse<\/td>\n<td>ostro\u0142\u0119cki<\/td>\n<td>\u015aredni samoch\u00f3d ratowniczo-ga\u015bniczy ze sprz\u0119tem ratowniczo-ga\u015bniczym zamontowanym na sta\u0142e<\/td>\n<td>100 000,00<\/td>\n<\/tr>\n<tr>\n<td>11.<\/td>\n<td>Prosty\u0144<\/td>\n<td>Ma\u0142kinia G\u00f3rna<\/td>\n<td>ostrowski<\/td>\n<td>Ci\u0119\u017cki samoch\u00f3d ratowniczo-ga\u015bniczy ze sprz\u0119tem ratowniczo-ga\u015bniczym zamontowanym na sta\u0142e<\/td>\n<td>100 000,00<\/td>\n<\/tr>\n<tr>\n<td>12.<\/td>\n<td>J\u00f3zef\u00f3w<\/td>\n<td>J\u00f3zef\u00f3w<\/td>\n<td>otwocki<\/td>\n<td>\u015aredni samoch\u00f3d ratowniczo-ga\u015bniczy ze sprz\u0119tem ratowniczo-ga\u015bniczym zamontowanym na sta\u0142e<\/td>\n<td>100 000,00<\/td>\n<\/tr>\n<tr>\n<td>13.<\/td>\n<td>G\u00f3ra Kalwaria<\/td>\n<td>G\u00f3ra Kalwaria<\/td>\n<td>piaseczy\u0144ski<\/td>\n<td>\u015aredni samoch\u00f3d ratowniczo-ga\u015bniczy ze sprz\u0119tem ratowniczo-ga\u015bniczym zamontowanym na sta\u0142e<\/td>\n<td>100 000,00<\/td>\n<\/tr>\n<tr>\n<td>14.<\/td>\n<td>Drobin<\/td>\n<td>Drobin<\/td>\n<td>p\u0142ocki<\/td>\n<td>\u015aredni samoch\u00f3d ratowniczo-ga\u015bniczy ze sprz\u0119tem ratowniczo-ga\u015bniczym zamontowanym na sta\u0142e<\/td>\n<td>100 000,00<\/td>\n<\/tr>\n<tr>\n<td>15.<\/td>\n<td>B\u0105dkowo<br \/>\nKo\u015bcielne<\/td>\n<td>Brudze\u0144 Du\u017cy<\/td>\n<td>p\u0142ocki<\/td>\n<td>\u015aredni samoch\u00f3d ratowniczo-ga\u015bniczy ze sprz\u0119tem ratowniczo-ga\u015bniczym zamontowanym na sta\u0142e<\/td>\n<td>100 000,00<\/td>\n<\/tr>\n<tr>\n<td>16.<\/td>\n<td>Sochocin<\/td>\n<td>Sochocin<\/td>\n<td>p\u0142o\u0144ski<\/td>\n<td>\u015aredni samoch\u00f3d ratowniczo-ga\u015bniczy ze sprz\u0119tem ratowniczo-ga\u015bniczym zamontowanym na sta\u0142e<\/td>\n<td>100 000,00<\/td>\n<\/tr>\n<tr>\n<td>17.<\/td>\n<td>Krasne<\/td>\n<td>Krasne<\/td>\n<td>przasnyski<\/td>\n<td>\u015aredni samoch\u00f3d ratowniczo-ga\u015bniczy ze sprz\u0119tem ratowniczo-ga\u015bniczym zamontowanym na sta\u0142e<\/td>\n<td>100 000,00<\/td>\n<\/tr>\n<tr>\n<td>18.<\/td>\n<td>Klw\u00f3w<\/td>\n<td>Klw\u00f3w<\/td>\n<td>przysuski<\/td>\n<td>\u015aredni samoch\u00f3d ratowniczo-ga\u015bniczy ze sprz\u0119tem ratowniczo-ga\u015bniczym zamontowanym na sta\u0142e<\/td>\n<td>100 000,00<\/td>\n<\/tr>\n<tr>\n<td>19.<\/td>\n<td>Zakrzew<\/td>\n<td>Zakrzew<\/td>\n<td>radomski<\/td>\n<td>\u015aredni samoch\u00f3d ratowniczo-ga\u015bniczy ze sprz\u0119tem ratowniczo-ga\u015bniczym zamontowanym na sta\u0142e<\/td>\n<td>100 000,00<\/td>\n<\/tr>\n<tr>\n<td>20.<\/td>\n<td>Mokobody<\/td>\n<td>Mokobody<\/td>\n<td>siedlecki<\/td>\n<td>\u015aredni samoch\u00f3d ratowniczo-ga\u015bniczy ze sprz\u0119tem ratowniczo-ga\u015bniczym zamontowanym na sta\u0142e<\/td>\n<td>100 000,00<\/td>\n<\/tr>\n<tr>\n<td>21.<\/td>\n<td>Dziewule<\/td>\n<td>Zbuczyn<\/td>\n<td>siedlecki<\/td>\n<td>\u015aredni samoch\u00f3d ratowniczo-ga\u015bniczy ze sprz\u0119tem ratowniczo-ga\u015bniczym zamontowanym na sta\u0142e<\/td>\n<td>100 000,00<\/td>\n<\/tr>\n<tr>\n<td>22.<\/td>\n<td>Bo\u017cewo<\/td>\n<td>Mochowo<\/td>\n<td>sierpecki<\/td>\n<td>\u015aredni samoch\u00f3d ratowniczo-ga\u015bniczy ze sprz\u0119tem ratowniczo-ga\u015bniczym zamontowanym na sta\u0142e<\/td>\n<td>100 000,00<\/td>\n<\/tr>\n<tr>\n<td>23.<\/td>\n<td>I\u0142\u00f3w<\/td>\n<td>I\u0142\u00f3w<\/td>\n<td>sochaczewski<\/td>\n<td>\u015aredni samoch\u00f3d ratowniczo-ga\u015bniczy ze sprz\u0119tem ratowniczo-ga\u015bniczym zamontowanym na sta\u0142e<\/td>\n<td>100 000,00<\/td>\n<\/tr>\n<tr>\n<td>24.<\/td>\n<td>Paprotnia<\/td>\n<td>Teresin<\/td>\n<td>sochaczewski<\/td>\n<td>\u015aredni samoch\u00f3d ratowniczo-ga\u015bniczy ze sprz\u0119tem ratowniczo-ga\u015bniczym zamontowanym na sta\u0142e<\/td>\n<td>100 000,00<\/td>\n<\/tr>\n<tr>\n<td>25.<\/td>\n<td>Szkopy<\/td>\n<td>Repki<\/td>\n<td>soko\u0142owski<\/td>\n<td>\u015aredni samoch\u00f3d ratowniczo-ga\u015bniczy ze sprz\u0119tem ratowniczo-ga\u015bniczym zamontowanym na sta\u0142e<\/td>\n<td>100 000,00<\/td>\n<\/tr>\n<tr>\n<td>26.<\/td>\n<td>Dzierzby<\/td>\n<td>Jab\u0142onna Lacka<\/td>\n<td>soko\u0142owski<\/td>\n<td>\u015aredni samoch\u00f3d ratowniczo-ga\u015bniczy ze sprz\u0119tem ratowniczo-ga\u015bniczym zamontowanym na sta\u0142e<\/td>\n<td>100 000,00<\/td>\n<\/tr>\n<tr>\n<td>27.<\/td>\n<td>Sadowne<\/td>\n<td>Sadowne<\/td>\n<td>w\u0119growski<\/td>\n<td>\u015aredni samoch\u00f3d ratowniczo-ga\u015bniczy ze sprz\u0119tem ratowniczo-ga\u015bniczym zamontowanym na sta\u0142e<\/td>\n<td>100 000,00<\/td>\n<\/tr>\n<tr>\n<td>28.<\/td>\n<td>Rawica<\/td>\n<td>Tcz\u00f3w<\/td>\n<td>zwole\u0144ski<\/td>\n<td>\u015aredni samoch\u00f3d ratowniczo-ga\u015bniczy ze sprz\u0119tem ratowniczo-ga\u015bniczym zamontowanym na sta\u0142e<\/td>\n<td>100 000,00<\/td>\n<\/tr>\n<tr>\n<td>29.<\/td>\n<td>Jesieniec<br \/>\nSolecki<\/td>\n<td>Zwole\u0144<\/td>\n<td>zwole\u0144ski<\/td>\n<td>\u015aredni samoch\u00f3d ratowniczo-ga\u015bniczy ze sprz\u0119tem ratowniczo-ga\u015bniczym zamontowanym na sta\u0142e<\/td>\n<td>100 000,00<\/td>\n<\/tr>\n<tr>\n<td>30.<\/td>\n<td>Radziejowiec<\/td>\n<td>Radziejowice<\/td>\n<td>\u017cyrardowski<\/td>\n<td>\u015aredni samoch\u00f3d ratowniczo-ga\u015bniczy ze sprz\u0119tem ratowniczo-ga\u015bniczym zamontowanym na sta\u0142e<\/td>\n<td>100 000,00<\/td>\n<\/tr>\n<\/tbody>\n<\/table>\n<p>&nbsp;<\/p>\n<p style=\"text-align: right;\"><strong><em>Marta Milewska<\/em><\/strong><\/p>\n<p style=\"text-align: right;\"><em>Rzeczniczka Prasowa<\/em><\/p>\n<p style=\"text-align: right;\"><em>Urz\u0105d Marsza\u0142kowski Wojew\u00f3dztwa Mazowieckiego<\/em><\/p>\n","protected":false},"excerpt":{"rendered":"<p>Profesjonalny, nowoczesny, a przede wszystkim niezawodny \u2013 taki powinien by\u0107 sprz\u0119t, kt\u00f3ry umo\u017cliwia stra\u017cakom ochotnikom prowadzenie akcji ratowniczych. Dlatego samorz\u0105d wojew\u00f3dztwa mazowieckiego od lat wspiera dzia\u0142alno\u015b\u0107 OSP. W tym roku w ramach programu OSP 2017 przeznaczy\u0142 3 mln z\u0142 wsparcia na zakup specjalistycznych samochod\u00f3w dla 30 jednostek OSP z Mazowsza.\u00a0 \u2013 Stra\u017cacy wykonuj\u0105 bardzo odpowiedzialn\u0105 [&hellip;]<\/p>\n","protected":false},"author":2,"featured_media":1045,"comment_status":"closed","ping_status":"open","sticky":false,"template":"","format":"standard","meta":{"footnotes":""},"categories":[8,5],"tags":[],"class_list":["post-1044","post","type-post","status-publish","format-standard","has-post-thumbnail","hentry","category-roznosci","category-wiadomosci"],"_links":{"self":[{"href":"https:\/\/fleschmazowsza.com.pl\/index.php?rest_route=\/wp\/v2\/posts\/1044","targetHints":{"allow":["GET"]}}],"collection":[{"href":"https:\/\/fleschmazowsza.com.pl\/index.php?rest_route=\/wp\/v2\/posts"}],"about":[{"href":"https:\/\/fleschmazowsza.com.pl\/index.php?rest_route=\/wp\/v2\/types\/post"}],"author":[{"embeddable":true,"href":"https:\/\/fleschmazowsza.com.pl\/index.php?rest_route=\/wp\/v2\/users\/2"}],"replies":[{"embeddable":true,"href":"https:\/\/fleschmazowsza.com.pl\/index.php?rest_route=%2Fwp%2Fv2%2Fcomments&post=1044"}],"version-history":[{"count":1,"href":"https:\/\/fleschmazowsza.com.pl\/index.php?rest_route=\/wp\/v2\/posts\/1044\/revisions"}],"predecessor-version":[{"id":1046,"href":"https:\/\/fleschmazowsza.com.pl\/index.php?rest_route=\/wp\/v2\/posts\/1044\/revisions\/1046"}],"wp:featuredmedia":[{"embeddable":true,"href":"https:\/\/fleschmazowsza.com.pl\/index.php?rest_route=\/wp\/v2\/media\/1045"}],"wp:attachment":[{"href":"https:\/\/fleschmazowsza.com.pl\/index.php?rest_route=%2Fwp%2Fv2%2Fmedia&parent=1044"}],"wp:term":[{"taxonomy":"category","embeddable":true,"href":"https:\/\/fleschmazowsza.com.pl\/index.php?rest_route=%2Fwp%2Fv2%2Fcategories&post=1044"},{"taxonomy":"post_tag","embeddable":true,"href":"https:\/\/fleschmazowsza.com.pl\/index.php?rest_route=%2Fwp%2Fv2%2Ftags&post=1044"}],"curies":[{"name":"wp","href":"https:\/\/api.w.org\/{rel}","templated":true}]}}