{"id":1041,"date":"2017-03-30T08:46:08","date_gmt":"2017-03-30T07:46:08","guid":{"rendered":"http:\/\/fleschmazowsza.com.pl\/?p=1041"},"modified":"2017-03-30T08:46:08","modified_gmt":"2017-03-30T07:46:08","slug":"dulag-121-zaprasza","status":"publish","type":"post","link":"https:\/\/fleschmazowsza.com.pl\/?p=1041","title":{"rendered":"Dulag 121 zaprasza"},"content":{"rendered":"<p><strong>Pokazy filmu dokumentalnego \u201eSzesnastu\u201d \u2013 w 72. rocznic\u0119 aresztowania przyw\u00f3dc\u00f3w Polskiego Pa\u0144stwa Podziemnego.<\/strong><\/p>\n<p>2 kwietnia, w najbli\u017csz\u0105 niedziel\u0119, w ramach obchod\u00f3w 72. rocznicy aresztowania w Pruszkowie przyw\u00f3dc\u00f3w Polskiego Pa\u0144stwa Podziemnego, w Muzeum Dulag 121 odb\u0119d\u0105 si\u0119 pokazy filmu dokumentalnego \u201eSzesnastu\u201d w re\u017cyserii W\u0142odzimierza Dusiewicza (Polska, 1989). Na projekcje filmowe zapraszamy o godz. 12, 13, 14, 15 do siedziby Muzeum Dulag 121 przy ul. 3 Maja 8A w Pruszkowie. Wst\u0119p wolny.<\/p>\n<p>\u201eSzesnastu\u201d to film dokumentalny po\u015bwi\u0119cony historii szesnastu przyw\u00f3dc\u00f3w Polskiego Pa\u0144stwa Podziemnego, aresztowanych podst\u0119pnie w Pruszkowie 27 i 28 marca 1945 r przez NKWD\u00a0\u00a0\u00a0\u00a0\u00a0\u00a0\u00a0\u00a0\u00a0\u00a0\u00a0\u00a0\u00a0\u00a0\u00a0\u00a0\u00a0\u00a0\u00a0\u00a0\u00a0 i wywiezionych do Moskwy. Ich\u00a0 proces toczy\u0142 si\u0119 przed Kolegium Wojskowym S\u0105du Najwy\u017cszego ZSRR i by\u0142 to bezprecedensowy przypadek s\u0105dzenia w\u0142adz pa\u0144stwowych jednego pa\u0144stwa przez organa s\u0105dowe innego pa\u0144stwa na mocy jego przepis\u00f3w prawnych. Dokument jest zapisem post\u0119powania s\u0105dowego, jakie odby\u0142o si\u0119 w dniach 17-21 czerwca 1945 roku w Moskwie. Przedstawia oryginalne relacje i wypowiedzi oskar\u017conych, \u015bwiadk\u00f3w oraz s\u0119dzi\u00f3w.<\/p>\n<p><strong>________________________________________________________________________<\/strong><\/p>\n<p><strong>W\u0142odzimierz Zbigniew Dusiewicz<\/strong> ps. Dusza &#8211; ur. 13 stycznia 1931r., polski re\u017cyser i scenarzysta film\u00f3w dokumentalnych, Zawiszak, powstaniec warszawski, pisarz, podharcmistrz, cz\u0142onek Stowarzyszenia Filmowc\u00f3w Polskich, pracownik Rady Ochrony Pami\u0119ci Walk i M\u0119cze\u0144stwa, prezes Stowarzyszenia Rodzina Katy\u0144ska w Warszawie (1994\u20131995) i prezes Federacji Rodzin Katy\u0144skich (1993\u20132006). W 2012 odznaczony Medalem \u201ePro Patria\u201d w uznaniu szczeg\u00f3lnych zas\u0142ug \u00a0\u00a0\u00a0\u00a0\u00a0\u00a0\u00a0\u00a0\u00a0\u00a0\u00a0\u00a0\u00a0\u00a0\u00a0\u00a0\u00a0\u00a0\u00a0\u00a0\u00a0w kultywowaniu pami\u0119ci o walce o niepodleg\u0142o\u015b\u0107 Polski.<\/p>\n<p style=\"text-align: right;\"><strong>(a)<\/strong><\/p>\n","protected":false},"excerpt":{"rendered":"<p>Pokazy filmu dokumentalnego \u201eSzesnastu\u201d \u2013 w 72. rocznic\u0119 aresztowania przyw\u00f3dc\u00f3w Polskiego Pa\u0144stwa Podziemnego. 2 kwietnia, w najbli\u017csz\u0105 niedziel\u0119, w ramach obchod\u00f3w 72. rocznicy aresztowania w Pruszkowie przyw\u00f3dc\u00f3w Polskiego Pa\u0144stwa Podziemnego, w Muzeum Dulag 121 odb\u0119d\u0105 si\u0119 pokazy filmu dokumentalnego \u201eSzesnastu\u201d w re\u017cyserii W\u0142odzimierza Dusiewicza (Polska, 1989). Na projekcje filmowe zapraszamy o godz. 12, 13, 14, [&hellip;]<\/p>\n","protected":false},"author":2,"featured_media":1042,"comment_status":"closed","ping_status":"open","sticky":false,"template":"","format":"standard","meta":{"footnotes":""},"categories":[9,6],"tags":[],"class_list":["post-1041","post","type-post","status-publish","format-standard","has-post-thumbnail","hentry","category-edukacja","category-kultura"],"_links":{"self":[{"href":"https:\/\/fleschmazowsza.com.pl\/index.php?rest_route=\/wp\/v2\/posts\/1041","targetHints":{"allow":["GET"]}}],"collection":[{"href":"https:\/\/fleschmazowsza.com.pl\/index.php?rest_route=\/wp\/v2\/posts"}],"about":[{"href":"https:\/\/fleschmazowsza.com.pl\/index.php?rest_route=\/wp\/v2\/types\/post"}],"author":[{"embeddable":true,"href":"https:\/\/fleschmazowsza.com.pl\/index.php?rest_route=\/wp\/v2\/users\/2"}],"replies":[{"embeddable":true,"href":"https:\/\/fleschmazowsza.com.pl\/index.php?rest_route=%2Fwp%2Fv2%2Fcomments&post=1041"}],"version-history":[{"count":1,"href":"https:\/\/fleschmazowsza.com.pl\/index.php?rest_route=\/wp\/v2\/posts\/1041\/revisions"}],"predecessor-version":[{"id":1043,"href":"https:\/\/fleschmazowsza.com.pl\/index.php?rest_route=\/wp\/v2\/posts\/1041\/revisions\/1043"}],"wp:featuredmedia":[{"embeddable":true,"href":"https:\/\/fleschmazowsza.com.pl\/index.php?rest_route=\/wp\/v2\/media\/1042"}],"wp:attachment":[{"href":"https:\/\/fleschmazowsza.com.pl\/index.php?rest_route=%2Fwp%2Fv2%2Fmedia&parent=1041"}],"wp:term":[{"taxonomy":"category","embeddable":true,"href":"https:\/\/fleschmazowsza.com.pl\/index.php?rest_route=%2Fwp%2Fv2%2Fcategories&post=1041"},{"taxonomy":"post_tag","embeddable":true,"href":"https:\/\/fleschmazowsza.com.pl\/index.php?rest_route=%2Fwp%2Fv2%2Ftags&post=1041"}],"curies":[{"name":"wp","href":"https:\/\/api.w.org\/{rel}","templated":true}]}}