{"id":1014,"date":"2017-03-28T09:10:32","date_gmt":"2017-03-28T08:10:32","guid":{"rendered":"http:\/\/fleschmazowsza.com.pl\/?p=1014"},"modified":"2017-03-28T09:10:32","modified_gmt":"2017-03-28T08:10:32","slug":"poeci-zewszad-dla-pruszkowa","status":"publish","type":"post","link":"https:\/\/fleschmazowsza.com.pl\/?p=1014","title":{"rendered":"Poeci zewsz\u0105d dla Pruszkowa"},"content":{"rendered":"<p><strong>Tr\u0105bki Wielkie, Myszk\u00f3w, Malin\u00f3wka Wielka, Czudec, K\u00f3rnik, Biadaczka, Wieliczka, Tykocin, Bielsko-Bia\u0142a, Opole, Gda\u0144sk, Puszczew, \u0141\u00f3d\u017a, Chodzie\u017c, Pozna\u0144, Olkusz, Wroc\u0142aw, D\u0119bnica Kaszubska, Gda\u0144sk, Studniska Dolne, Czarna Bia\u0142ostocka, K\u0119pice, Zielona G\u00f3ra, Turek, K\u0119trzyn, Jaworzno, \u0141apy, Stasz\u00f3w, \u017byrard\u00f3w, P\u0142ock, Katowice, Warszawa&#8230; Poeci z tych i wielu innych miejscowo\u015bci napisali wiersze dla Pruszkowa&#8230;<\/strong><\/p>\n<p>W roku 2016 w ramach XIV Edycji Og\u00f3lnopolskiego Konkursu Poetyckiego im. C. K. Norwida, dla uczczenia setnej rocznicy nadania praw miejskich naszemu miastu, wprowadzili\u015bmy okoliczno\u015bciow\u0105 kategori\u0119 \u201ewiersz o Pruszkowie&#8221;. Spo\u015br\u00f3d ponad stu nades\u0142anych utwor\u00f3w do niniejszego tomiku wybrali\u015bmy kilkadziesi\u0105t.<\/p>\n<p>Nie stosowali\u015bmy specjalnej selekcji, nie dzielili\u015bmy wierszy na lepsze czy gorsze, chcieli\u015bmy raczej ukaza\u0107 szeroki zakres tematyczny i wielo\u015b\u0107 \u015brodk\u00f3w artystycznych. Zapewne niekt\u00f3rzy z poet\u00f3w nie byli nigdy w naszym mie\u015bcie, znaj\u0105 je tylko ze s\u0142yszenia, niekt\u00f3rzy tylko z okien poci\u0105gu czy samochodu. A jednak napisali tak jak czuj\u0105, jak widz\u0105, jak s\u0142ysz\u0105&#8230;<\/p>\n<p>Tre\u015b\u0107 i nastr\u00f3j utwor\u00f3w s\u0105 r\u00f3\u017cnorodne. W wielu pojawia si\u0119 tematyka konkretna, powa\u017cniejsza, zwi\u0105zana z Dulagiem, kirkutem, macewami, Procesem Szesnastu; w innych Pruszk\u00f3w s\u0142u\u017cy tylko jako temat do uniwersalnych poetyckich refleksji, w jeszcze innych dominuje tematyka lekka, \u017cartobliwa, a nawet humorystyczna (limeryki, fraszki).<\/p>\n<p>Nad tre\u015bci\u0105 i form\u0105 g\u00f3ruje temat: Pruszk\u00f3w. Nasze miasto.<\/p>\n<p style=\"text-align: right;\"><strong>Grzegorz Zegad\u0142o<\/strong><\/p>\n","protected":false},"excerpt":{"rendered":"<p>Tr\u0105bki Wielkie, Myszk\u00f3w, Malin\u00f3wka Wielka, Czudec, K\u00f3rnik, Biadaczka, Wieliczka, Tykocin, Bielsko-Bia\u0142a, Opole, Gda\u0144sk, Puszczew, \u0141\u00f3d\u017a, Chodzie\u017c, Pozna\u0144, Olkusz, Wroc\u0142aw, D\u0119bnica Kaszubska, Gda\u0144sk, Studniska Dolne, Czarna Bia\u0142ostocka, K\u0119pice, Zielona G\u00f3ra, Turek, K\u0119trzyn, Jaworzno, \u0141apy, Stasz\u00f3w, \u017byrard\u00f3w, P\u0142ock, Katowice, Warszawa&#8230; Poeci z tych i wielu innych miejscowo\u015bci napisali wiersze dla Pruszkowa&#8230; W roku 2016 w ramach XIV [&hellip;]<\/p>\n","protected":false},"author":2,"featured_media":1017,"comment_status":"closed","ping_status":"open","sticky":false,"template":"","format":"standard","meta":{"footnotes":""},"categories":[6],"tags":[],"class_list":["post-1014","post","type-post","status-publish","format-standard","has-post-thumbnail","hentry","category-kultura"],"_links":{"self":[{"href":"https:\/\/fleschmazowsza.com.pl\/index.php?rest_route=\/wp\/v2\/posts\/1014","targetHints":{"allow":["GET"]}}],"collection":[{"href":"https:\/\/fleschmazowsza.com.pl\/index.php?rest_route=\/wp\/v2\/posts"}],"about":[{"href":"https:\/\/fleschmazowsza.com.pl\/index.php?rest_route=\/wp\/v2\/types\/post"}],"author":[{"embeddable":true,"href":"https:\/\/fleschmazowsza.com.pl\/index.php?rest_route=\/wp\/v2\/users\/2"}],"replies":[{"embeddable":true,"href":"https:\/\/fleschmazowsza.com.pl\/index.php?rest_route=%2Fwp%2Fv2%2Fcomments&post=1014"}],"version-history":[{"count":1,"href":"https:\/\/fleschmazowsza.com.pl\/index.php?rest_route=\/wp\/v2\/posts\/1014\/revisions"}],"predecessor-version":[{"id":1015,"href":"https:\/\/fleschmazowsza.com.pl\/index.php?rest_route=\/wp\/v2\/posts\/1014\/revisions\/1015"}],"wp:featuredmedia":[{"embeddable":true,"href":"https:\/\/fleschmazowsza.com.pl\/index.php?rest_route=\/wp\/v2\/media\/1017"}],"wp:attachment":[{"href":"https:\/\/fleschmazowsza.com.pl\/index.php?rest_route=%2Fwp%2Fv2%2Fmedia&parent=1014"}],"wp:term":[{"taxonomy":"category","embeddable":true,"href":"https:\/\/fleschmazowsza.com.pl\/index.php?rest_route=%2Fwp%2Fv2%2Fcategories&post=1014"},{"taxonomy":"post_tag","embeddable":true,"href":"https:\/\/fleschmazowsza.com.pl\/index.php?rest_route=%2Fwp%2Fv2%2Ftags&post=1014"}],"curies":[{"name":"wp","href":"https:\/\/api.w.org\/{rel}","templated":true}]}}