{"id":101,"date":"2016-10-18T14:13:32","date_gmt":"2016-10-18T13:13:32","guid":{"rendered":"http:\/\/fleschmazowsza.com.pl\/?p=101"},"modified":"2016-10-18T14:19:39","modified_gmt":"2016-10-18T13:19:39","slug":"pruszkow-ruszyl-remont-al-wojska-polskiego","status":"publish","type":"post","link":"https:\/\/fleschmazowsza.com.pl\/?p=101","title":{"rendered":"PRUSZK\u00d3W. Ruszy\u0142 remont al. Wojska Polskiego"},"content":{"rendered":"<p><strong>Od 4 pa\u017adziernika ruszy\u0142y prace na al. Wojska Polskiego w Pruszkowie. Od ul. Powsta\u0144c\u00f3w do ul. Miry Zimi\u0144skiej-Sygiety\u0144skiej b\u0119dzie wymieniana nawierzchnia a kierowcy musz\u0105 przygotowa\u0107 si\u0119 na utrudnienia i zmiany w organizacji ruchu.<\/strong><\/p>\n<p>Remont rozpocz\u0105\u0142 si\u0119 4 pa\u017adziernika i ma zako\u0144czy\u0107 si\u0119 30 listopada.<\/p>\n<p>&#8211; To kontynuacja prac, kt\u00f3re prowadzili\u015bmy w lipcu \u2013 m\u00f3wi nam Monika Burdon, rzecznik prasowy Mazowieckiego Zarz\u0105du Dr\u00f3g Wojew\u00f3dzkich.<\/p>\n<p>Koszt Inwestycji to 1 mln. 60 tys. z\u0142, inwestorem jest Mazowiecki Zarz\u0105d Dr\u00f3g Wojew\u00f3dzkich a wykonawc\u0105 Firma Drogomex. W pierwszej kolejno\u015bci drogowcy zajm\u0105 si\u0119 wymian\u0105 kraw\u0119\u017cnik\u00f3w.<\/p>\n<p>\u2013 Na czas tych prac jezdnia zostanie zw\u0119\u017cona, a kierowcy do swojej dyspozycji b\u0119d\u0105 mieli po jednym pasie w ka\u017cdym kierunku. Prace b\u0119d\u0105 trwa\u0142y codziennie od poniedzia\u0142ku do niedzieli w godz. 6.00-22.00 \u2013 podkre\u015bla Burdon. \u2013 Inaczej b\u0119dzie wygl\u0105da\u0142a organizacja prac w trakcie uk\u0142adania nawierzchni. Wtedy z ruchu wy\u0142\u0105czona zostanie jezdnia w jednym kierunku, a po drugiej ruch b\u0119dzie odbywa\u0142 si\u0119 w dw\u00f3ch kierunkach. Nast\u0119pnie ruch zostanie przeniesiony na wyremontowan\u0105 stron\u0119, a drogowcy wymieni\u0105 nak\u0142adk\u0119 na drugiej jezdni. Dodam, \u017ce na czas prac zwi\u0105zanych z u\u0142o\u017ceniem nak\u0142adki wszystkie skrzy\u017cowania z al. Wojska Polskiego b\u0119d\u0105 nieprzejezdne \u2013 podkre\u015bla Burdon.<\/p>\n<p>Cho\u0107 prace nie s\u0105 jeszcze na zaawansowanym etapie, a utrudnienia nie s\u0105 bardzo uci\u0105\u017cliwe to kierowcy ju\u017c musz\u0105 zachowa\u0107 szczeg\u00f3ln\u0105 ostro\u017cno\u015b\u0107 w tym rejonie. Bariery utrudniaj\u0105 przejazd na skrzy\u017cowaniu al. Wojska Polskiego i ul. Ko\u015bciuszki.<\/p>\n<p>Kierowcy nie zjad\u0105 te\u017c do popularnej sieci restauracji McDonald\u2019s \u2013 od strony al. Wojska Polskiego ustawiono znak \u201ezakaz ruchu w obu kierunkach\u201d. Jednak klienci doskonale daj\u0105 sobie rad\u0119 z wyjazdem z popularnego fastfooda. Jad\u0105c dalej al. Wojska Polskiego nie zjedziemy w ul. Radnych, uniemo\u017cliwia to kolejna bariera.<br \/>\nAleja Wojska Polskiego od okresu wakacyjnego przechodzi tak\u017ce zmiany pobocza i pasa zieleni. Tereny przy drodze nale\u017c\u0105 do MZDW, lecz pracami zajmuje si\u0119 w ramach porozumienia miasto Pruszk\u00f3w.<\/p>\n<p>Do tej pory al. Wojska Polskiego delikatnie m\u00f3wi\u0105c nie zachwyca\u0142a swym wygl\u0105da\u0142em. Jednak w tym roku przysz\u0142y d\u0142ugo oczekiwane zmiany. MZDW wymieni\u0142 nak\u0142adk\u0119 asfaltow\u0105 na odcinku od ul. Brzozowej do Powsta\u0144c\u00f3w a w ramach podpisanego porozumienia, miasto postanowi\u0142o zmieni\u0107 oblicze przyulicznej zieleni. Zakres prac przewidywa\u0142 przygotowanie terenu pod nasadzenia, nasadzenie krzew\u00f3w li\u015bciastych w ilo\u015bci ponad 10 tys. sztuk, nasadzenie siedmiu drzew w pasie zieleni ul. Dzia\u0142kowej oraz powstanie trawnik\u00f3w na powierzchni oko\u0142o 1 ha. Koszt zagospodarowania wyni\u00f3s\u0142 oko\u0142o 460 tys. z\u0142.<\/p>\n<p>To jednak nie koniec. Plany przewiduj\u0105 realizacj\u0119 kolejnego fragmentu drogi od ul. Powsta\u0144c\u00f3w do rzeki Utraty. Zako\u0144czenie prac planowane jest na listopad 2017 roku.<\/p>\n<p style=\"text-align: right;\">Tekst i foto:<\/p>\n<p style=\"text-align: right;\"><strong>Ewelina Wielgat<\/strong><\/p>\n","protected":false},"excerpt":{"rendered":"<p>Od 4 pa\u017adziernika ruszy\u0142y prace na al. Wojska Polskiego w Pruszkowie. Od ul. Powsta\u0144c\u00f3w do ul. Miry Zimi\u0144skiej-Sygiety\u0144skiej b\u0119dzie wymieniana nawierzchnia a kierowcy musz\u0105 przygotowa\u0107 si\u0119 na utrudnienia i zmiany w organizacji ruchu. Remont rozpocz\u0105\u0142 si\u0119 4 pa\u017adziernika i ma zako\u0144czy\u0107 si\u0119 30 listopada. &#8211; To kontynuacja prac, kt\u00f3re prowadzili\u015bmy w lipcu \u2013 m\u00f3wi nam [&hellip;]<\/p>\n","protected":false},"author":2,"featured_media":102,"comment_status":"closed","ping_status":"open","sticky":false,"template":"","format":"standard","meta":{"footnotes":""},"categories":[5],"tags":[],"class_list":["post-101","post","type-post","status-publish","format-standard","has-post-thumbnail","hentry","category-wiadomosci"],"_links":{"self":[{"href":"https:\/\/fleschmazowsza.com.pl\/index.php?rest_route=\/wp\/v2\/posts\/101","targetHints":{"allow":["GET"]}}],"collection":[{"href":"https:\/\/fleschmazowsza.com.pl\/index.php?rest_route=\/wp\/v2\/posts"}],"about":[{"href":"https:\/\/fleschmazowsza.com.pl\/index.php?rest_route=\/wp\/v2\/types\/post"}],"author":[{"embeddable":true,"href":"https:\/\/fleschmazowsza.com.pl\/index.php?rest_route=\/wp\/v2\/users\/2"}],"replies":[{"embeddable":true,"href":"https:\/\/fleschmazowsza.com.pl\/index.php?rest_route=%2Fwp%2Fv2%2Fcomments&post=101"}],"version-history":[{"count":3,"href":"https:\/\/fleschmazowsza.com.pl\/index.php?rest_route=\/wp\/v2\/posts\/101\/revisions"}],"predecessor-version":[{"id":105,"href":"https:\/\/fleschmazowsza.com.pl\/index.php?rest_route=\/wp\/v2\/posts\/101\/revisions\/105"}],"wp:featuredmedia":[{"embeddable":true,"href":"https:\/\/fleschmazowsza.com.pl\/index.php?rest_route=\/wp\/v2\/media\/102"}],"wp:attachment":[{"href":"https:\/\/fleschmazowsza.com.pl\/index.php?rest_route=%2Fwp%2Fv2%2Fmedia&parent=101"}],"wp:term":[{"taxonomy":"category","embeddable":true,"href":"https:\/\/fleschmazowsza.com.pl\/index.php?rest_route=%2Fwp%2Fv2%2Fcategories&post=101"},{"taxonomy":"post_tag","embeddable":true,"href":"https:\/\/fleschmazowsza.com.pl\/index.php?rest_route=%2Fwp%2Fv2%2Ftags&post=101"}],"curies":[{"name":"wp","href":"https:\/\/api.w.org\/{rel}","templated":true}]}}