{"id":1004,"date":"2017-03-27T14:50:21","date_gmt":"2017-03-27T13:50:21","guid":{"rendered":"http:\/\/fleschmazowsza.com.pl\/?p=1004"},"modified":"2017-03-27T14:50:21","modified_gmt":"2017-03-27T13:50:21","slug":"coraz-blizej-modernizacji-linii-grodzisk-mazowiecki-warszawa-2","status":"publish","type":"post","link":"https:\/\/fleschmazowsza.com.pl\/?p=1004","title":{"rendered":"Coraz bli\u017cej modernizacji linii Grodzisk Mazowiecki \u2013 Warszawa"},"content":{"rendered":"<p><strong>W kwietniu PKP Polskie Linie Kolejowe S.A. podpisz\u0105 umow\u0119 na przebudow\u0119 trasy z Grodziska Mazowieckiego do Warszawy. Inwestycja, warta oko\u0142o 290 milion\u00f3w z\u0142otych, istotnie poprawi komunikacj\u0119 kolejow\u0105 w aglomeracji warszawskiej. Jesieni\u0105 2018 r. zmodernizowana linia zapewni przejazd wi\u0119kszej liczby poci\u0105g\u00f3w. Pasa\u017cerowie skorzystaj\u0105 z nowych dobrze wyposa\u017conych peron\u00f3w.<\/strong><\/p>\n<p>\u2013 Jeste\u015bmy przygotowani do modernizacji trasy podmiejskiej do Warszawy. Podobne inwestycje realizuj\u0105 PLK w Krakowie. Usprawniamy infrastruktur\u0119 w Gorzowie Wielkopolskim i Poznaniu. Poprawa komunikacji kolejowej w aglomeracjach, sprawny przejazd wi\u0119kszej liczby poci\u0105g\u00f3w \u0142\u0105cz\u0105cych du\u017ce o\u015brodki z regionami \u2013 to jeden z cel\u00f3w Krajowego Programu Kolejowego \u2013 m\u00f3wi Ireneusz Merchel, prezes PKP Polskich Linii Kolejowych S.A.<\/p>\n<p style=\"text-align: center;\"><strong>Pocz\u0105tek w maju<\/strong><\/p>\n<p>Przygotowania do modernizacji linii podmiejskiej zaplanowano w maju. Prace obejm\u0105 przej\u015bcia podziemne na przystankach: Warszawa W\u0142ochy, Warszawa Ursus, Piast\u00f3w, Parzniew (nowo budowany w ramach modernizacji), Milan\u00f3wek oraz nowe przej\u015bcie pieszo-rowerowe w Brwinowie \u2013 czyli obiekty wsp\u00f3lne dla linii podmiejskiej i linii dalekobie\u017cnej.<\/p>\n<p>Wykonanie specjalnych tymczasowych konstrukcji zapewni mo\u017cliwo\u015b\u0107 przebudowy przej\u015b\u0107. Takie rozwi\u0105zanie zagwarantuje tak\u017ce sprawny przejazd poci\u0105g\u00f3w podmiejskich \u00a0i dalekobie\u017cnych.<\/p>\n<p>Na tym etapie prace nie b\u0119d\u0105 wymaga\u0142y zamkni\u0119cia linii.<\/p>\n<p style=\"text-align: center;\"><strong>Wrze\u015bniowa zmiana komunikacji<\/strong><\/p>\n<p>Kluczowy etap modernizacji linii podmiejskiej zaplanowano od wrze\u015bnia. Zmiany \u0142\u0105cz\u0105 si\u0119 z wprowadzeniem zast\u0119pczej komunikacji autobusowej na 12 miesi\u0119cy. Zapewnienie mieszka\u0144com powiat\u00f3w pruszkowskiego i grodziskiego sprawnej komunikacji na czas modernizacji linii jest uzgadniane przez przedstawicieli przewo\u017anik\u00f3w, samorz\u0105d\u00f3w oraz zarz\u0105dc\u0119 infrastruktury.<\/p>\n<p>W kwietniu zostanie przedstawiony kompletny i szczeg\u00f3\u0142owy harmonogram zast\u0119pczej komunikacji autobusowej.<\/p>\n<p>Od wrze\u015bnia wykonawca przyst\u0105pi do gruntownej przebudowy tor\u00f3w, sieci trakcyjnej, urz\u0105dze\u0144 sterowania ruchem kolejowym i infrastruktury pasa\u017cerskiej. Wstrzymanie ruchu na linii umo\u017cliwi skr\u00f3cenie czasu modernizacji z 31 do 22 miesi\u0119cy. Realnie linia b\u0119dzie zamkni\u0119ta tylko przez 12 miesi\u0119cy.<\/p>\n<p>Najwra\u017cliwsze prace zostan\u0105 wykonane prawie o 1,5 roku szybciej ni\u017c planowano.<\/p>\n<p style=\"text-align: center;\"><strong>Efekty modernizacji<\/strong><\/p>\n<p>Efektem modernizacji 22 \u2013 kilometrowej linii Warszawa W\u0142ochy \u2013 Grodzisk Mazowiecki b\u0119dzie lepsza oferta podr\u00f3\u017cy. Poprawi si\u0119 niezawodno\u015b\u0107 przejazdu, zwi\u0119kszy si\u0119 liczba poci\u0105g\u00f3w, a pasa\u017cerowie zyskaj\u0105 lepszy komfort obs\u0142ugi na stacjach i przystankach.<\/p>\n<p>Wszystkie perony zostan\u0105 dostosowane do potrzeb os\u00f3b niepe\u0142nosprawnych.<\/p>\n<p>Pr\u0119dko\u015b\u0107 sk\u0142ad\u00f3w pasa\u017cerskich zostanie podwy\u017cszona z 80 km\/h do 120 km\/h.<\/p>\n<p style=\"text-align: right;\"><strong>Karol Jakubowski<\/strong><\/p>\n<p style=\"text-align: right;\">PKP Polskie Linie Kolejowe S.A.<\/p>\n","protected":false},"excerpt":{"rendered":"<p>W kwietniu PKP Polskie Linie Kolejowe S.A. podpisz\u0105 umow\u0119 na przebudow\u0119 trasy z Grodziska Mazowieckiego do Warszawy. Inwestycja, warta oko\u0142o 290 milion\u00f3w z\u0142otych, istotnie poprawi komunikacj\u0119 kolejow\u0105 w aglomeracji warszawskiej. Jesieni\u0105 2018 r. zmodernizowana linia zapewni przejazd wi\u0119kszej liczby poci\u0105g\u00f3w. Pasa\u017cerowie skorzystaj\u0105 z nowych dobrze wyposa\u017conych peron\u00f3w. \u2013 Jeste\u015bmy przygotowani do modernizacji trasy podmiejskiej do [&hellip;]<\/p>\n","protected":false},"author":2,"featured_media":1007,"comment_status":"closed","ping_status":"open","sticky":false,"template":"","format":"standard","meta":{"footnotes":""},"categories":[5],"tags":[],"class_list":["post-1004","post","type-post","status-publish","format-standard","has-post-thumbnail","hentry","category-wiadomosci"],"_links":{"self":[{"href":"https:\/\/fleschmazowsza.com.pl\/index.php?rest_route=\/wp\/v2\/posts\/1004","targetHints":{"allow":["GET"]}}],"collection":[{"href":"https:\/\/fleschmazowsza.com.pl\/index.php?rest_route=\/wp\/v2\/posts"}],"about":[{"href":"https:\/\/fleschmazowsza.com.pl\/index.php?rest_route=\/wp\/v2\/types\/post"}],"author":[{"embeddable":true,"href":"https:\/\/fleschmazowsza.com.pl\/index.php?rest_route=\/wp\/v2\/users\/2"}],"replies":[{"embeddable":true,"href":"https:\/\/fleschmazowsza.com.pl\/index.php?rest_route=%2Fwp%2Fv2%2Fcomments&post=1004"}],"version-history":[{"count":1,"href":"https:\/\/fleschmazowsza.com.pl\/index.php?rest_route=\/wp\/v2\/posts\/1004\/revisions"}],"predecessor-version":[{"id":1006,"href":"https:\/\/fleschmazowsza.com.pl\/index.php?rest_route=\/wp\/v2\/posts\/1004\/revisions\/1006"}],"wp:featuredmedia":[{"embeddable":true,"href":"https:\/\/fleschmazowsza.com.pl\/index.php?rest_route=\/wp\/v2\/media\/1007"}],"wp:attachment":[{"href":"https:\/\/fleschmazowsza.com.pl\/index.php?rest_route=%2Fwp%2Fv2%2Fmedia&parent=1004"}],"wp:term":[{"taxonomy":"category","embeddable":true,"href":"https:\/\/fleschmazowsza.com.pl\/index.php?rest_route=%2Fwp%2Fv2%2Fcategories&post=1004"},{"taxonomy":"post_tag","embeddable":true,"href":"https:\/\/fleschmazowsza.com.pl\/index.php?rest_route=%2Fwp%2Fv2%2Ftags&post=1004"}],"curies":[{"name":"wp","href":"https:\/\/api.w.org\/{rel}","templated":true}]}}